{"id":53374,"date":"2023-05-22T09:59:09","date_gmt":"2023-05-22T07:59:09","guid":{"rendered":"https:\/\/www-ilmercoledi-news-*.sitenm.com\/?p=53374"},"modified":"2024-08-29T03:42:09","modified_gmt":"2023-11-03T03:42:09","slug":"nichelino-parte-il-corso-di-operatore-cinofilo-al-factory","status":"publish","type":"post","link":"https:\/\/www.ilmercoledi.news\/2023\/05\/22\/nichelino-parte-il-corso-di-operatore-cinofilo-al-factory\/","title":{"rendered":"NICHELINO &#8211; Parte il corso di operatore cinofilo al Factory"},"content":{"rendered":"<p>Da questa settimana, fino alla met\u00e0 del 2024, l\u2019Open Factory di Nichelino sar\u00e0 teatro del corso formativo per educatore cinofilo.\u00a0Un\u2019occasione importante per acquisire nuove competenze da tradurre plasticamente in campo cinofilo. &#8220;La grande sfida contemporanea, nonch\u00e9 la nostra stella polare, \u00e8 quella di istituzionalizzare la cinofilia per uscire dal pantano in cui \u00e8 arenata in Italia, tristemente fanalino di coda in Europa per quanto riguarda queste tematiche&#8221;, spiega l&#8217;assessore Fiodor Verzola.<\/p>\n","protected":false},"excerpt":{"rendered":"","protected":false},"author":11,"featured_media":32534,"comment_status":"open","ping_status":"closed","sticky":false,"template":"","format":"standard","meta":[],"categories":[34],"tags":[],"news-destination":[],"news-source":[],"is_homepage":[581],"ta_other":[],"_links":{"self":[{"href":"https:\/\/www.ilmercoledi.news\/ilmercoledi\/news\/wp-json\/wp\/v2\/posts\/53374"}],"collection":[{"href":"https:\/\/www.ilmercoledi.news\/ilmercoledi\/news\/wp-json\/wp\/v2\/posts"}],"about":[{"href":"https:\/\/www.ilmercoledi.news\/ilmercoledi\/news\/wp-json\/wp\/v2\/types\/post"}],"author":[{"embeddable":true,"href":"https:\/\/www.ilmercoledi.news\/ilmercoledi\/news\/wp-json\/wp\/v2\/users\/11"}],"replies":[{"embeddable":true,"href":"https:\/\/www.ilmercoledi.news\/ilmercoledi\/news\/wp-json\/wp\/v2\/comments?post=53374"}],"version-history":[{"count":1,"href":"https:\/\/www.ilmercoledi.news\/ilmercoledi\/news\/wp-json\/wp\/v2\/posts\/53374\/revisions"}],"predecessor-version":[{"id":66319,"href":"https:\/\/www.ilmercoledi.news\/ilmercoledi\/news\/wp-json\/wp\/v2\/posts\/53374\/revisions\/66319"}],"wp:featuredmedia":[{"embeddable":true,"href":"https:\/\/www.ilmercoledi.news\/ilmercoledi\/news\/wp-json\/wp\/v2\/media\/32534"}],"wp:attachment":[{"href":"https:\/\/www.ilmercoledi.news\/ilmercoledi\/news\/wp-json\/wp\/v2\/media?parent=53374"}],"wp:term":[{"taxonomy":"category","embeddable":true,"href":"https:\/\/www.ilmercoledi.news\/ilmercoledi\/news\/wp-json\/wp\/v2\/categories?post=53374"},{"taxonomy":"post_tag","embeddable":true,"href":"https:\/\/www.ilmercoledi.news\/ilmercoledi\/news\/wp-json\/wp\/v2\/tags?post=53374"},{"taxonomy":"news-destination","embeddable":true,"href":"https:\/\/www.ilmercoledi.news\/ilmercoledi\/news\/wp-json\/wp\/v2\/news-destination?post=53374"},{"taxonomy":"news-source","embeddable":true,"href":"https:\/\/www.ilmercoledi.news\/ilmercoledi\/news\/wp-json\/wp\/v2\/news-source?post=53374"},{"taxonomy":"is_homepage","embeddable":true,"href":"https:\/\/www.ilmercoledi.news\/ilmercoledi\/news\/wp-json\/wp\/v2\/is_homepage?post=53374"},{"taxonomy":"ta_other","embeddable":true,"href":"https:\/\/www.ilmercoledi.news\/ilmercoledi\/news\/wp-json\/wp\/v2\/ta_other?post=53374"}],"curies":[{"name":"wp","href":"https:\/\/api.w.org\/{rel}","templated":true}]}}