{"id":53383,"date":"2023-05-22T15:18:28","date_gmt":"2023-05-22T13:18:28","guid":{"rendered":"https:\/\/www-ilmercoledi-news-*.sitenm.com\/?p=53383"},"modified":"2024-08-29T03:42:09","modified_gmt":"2023-11-03T03:42:09","slug":"trasporti-attenzione-allo-sciopero-indetto-per-venerdi-26-maggio","status":"publish","type":"post","link":"https:\/\/www.ilmercoledi.news\/2023\/05\/22\/trasporti-attenzione-allo-sciopero-indetto-per-venerdi-26-maggio\/","title":{"rendered":"TRASPORTI &#8211; Attenzione allo sciopero indetto per venerd\u00ed 26 maggio"},"content":{"rendered":"<p>Venerd\u00ec 26 maggio \u00e8 previsto uno sciopero generale della durata di 24 ore di tutte le categorie pubbliche e private su diverse tematiche economico e sociali a cui aderisce l&#8217;organizzazione territoriale USB. Lo sciopero inficer\u00e0 inevitabilmente alcuni servizi, come quello del trasporto pubblico. Le linee autobus, metro e ferroviarie saranno ovviamente garantite nelle fasce 6-9 e 12-15.<\/p>\n","protected":false},"excerpt":{"rendered":"","protected":false},"author":11,"featured_media":48282,"comment_status":"open","ping_status":"closed","sticky":false,"template":"","format":"standard","meta":[],"categories":[34],"tags":[],"news-destination":[],"news-source":[],"is_homepage":[581],"ta_other":[],"_links":{"self":[{"href":"https:\/\/www.ilmercoledi.news\/ilmercoledi\/news\/wp-json\/wp\/v2\/posts\/53383"}],"collection":[{"href":"https:\/\/www.ilmercoledi.news\/ilmercoledi\/news\/wp-json\/wp\/v2\/posts"}],"about":[{"href":"https:\/\/www.ilmercoledi.news\/ilmercoledi\/news\/wp-json\/wp\/v2\/types\/post"}],"author":[{"embeddable":true,"href":"https:\/\/www.ilmercoledi.news\/ilmercoledi\/news\/wp-json\/wp\/v2\/users\/11"}],"replies":[{"embeddable":true,"href":"https:\/\/www.ilmercoledi.news\/ilmercoledi\/news\/wp-json\/wp\/v2\/comments?post=53383"}],"version-history":[{"count":1,"href":"https:\/\/www.ilmercoledi.news\/ilmercoledi\/news\/wp-json\/wp\/v2\/posts\/53383\/revisions"}],"predecessor-version":[{"id":66315,"href":"https:\/\/www.ilmercoledi.news\/ilmercoledi\/news\/wp-json\/wp\/v2\/posts\/53383\/revisions\/66315"}],"wp:featuredmedia":[{"embeddable":true,"href":"https:\/\/www.ilmercoledi.news\/ilmercoledi\/news\/wp-json\/wp\/v2\/media\/48282"}],"wp:attachment":[{"href":"https:\/\/www.ilmercoledi.news\/ilmercoledi\/news\/wp-json\/wp\/v2\/media?parent=53383"}],"wp:term":[{"taxonomy":"category","embeddable":true,"href":"https:\/\/www.ilmercoledi.news\/ilmercoledi\/news\/wp-json\/wp\/v2\/categories?post=53383"},{"taxonomy":"post_tag","embeddable":true,"href":"https:\/\/www.ilmercoledi.news\/ilmercoledi\/news\/wp-json\/wp\/v2\/tags?post=53383"},{"taxonomy":"news-destination","embeddable":true,"href":"https:\/\/www.ilmercoledi.news\/ilmercoledi\/news\/wp-json\/wp\/v2\/news-destination?post=53383"},{"taxonomy":"news-source","embeddable":true,"href":"https:\/\/www.ilmercoledi.news\/ilmercoledi\/news\/wp-json\/wp\/v2\/news-source?post=53383"},{"taxonomy":"is_homepage","embeddable":true,"href":"https:\/\/www.ilmercoledi.news\/ilmercoledi\/news\/wp-json\/wp\/v2\/is_homepage?post=53383"},{"taxonomy":"ta_other","embeddable":true,"href":"https:\/\/www.ilmercoledi.news\/ilmercoledi\/news\/wp-json\/wp\/v2\/ta_other?post=53383"}],"curies":[{"name":"wp","href":"https:\/\/api.w.org\/{rel}","templated":true}]}}