{"id":53384,"date":"2023-05-23T07:06:16","date_gmt":"2023-05-23T05:06:16","guid":{"rendered":"https:\/\/www-ilmercoledi-news-*.sitenm.com\/?p=53384"},"modified":"2024-08-29T03:42:09","modified_gmt":"2023-11-03T03:42:09","slug":"la-loggia-torna-la-giornata-del-gioco-libero-aperto","status":"publish","type":"post","link":"https:\/\/www.ilmercoledi.news\/2023\/05\/23\/la-loggia-torna-la-giornata-del-gioco-libero-aperto\/","title":{"rendered":"LA LOGGIA &#8211; Torna la giornata del gioco libero aperto"},"content":{"rendered":"<p>La Loggia per il secondo anno aderisce alla &#8220;Giornata del gioco libero all&#8217;aperto&#8221; promossa dalla Regione Piemonte.<\/p>\n<p>La giornata \u00e8 dedicata a promuovere l&#8217;importanza della libert\u00e0 di movimento e di gioco dei bambini e delle bambine, ragazzi e ragazze che possono cos\u00ec sperimentare libert\u00e0 di relazione e di pensiero, scegliendo a seconda della loro et\u00e0, della loro curiosit\u00e0, dei propri bisogni ed il loro grado di autonomia.<\/p>\n<p>Tante attivit\u00e0 coinvolte: Calcio. Padel,\u00a0Pattinaggio, Twirling, Equitazione,\u00a0Judo,\u00a0Jutaijutsu<\/p>\n<p>&nbsp;<\/p>\n<p>&nbsp;<\/p>\n","protected":false},"excerpt":{"rendered":"","protected":false},"author":11,"featured_media":15888,"comment_status":"open","ping_status":"closed","sticky":false,"template":"","format":"standard","meta":[],"categories":[34],"tags":[],"news-destination":[],"news-source":[],"is_homepage":[],"ta_other":[],"_links":{"self":[{"href":"https:\/\/www.ilmercoledi.news\/ilmercoledi\/news\/wp-json\/wp\/v2\/posts\/53384"}],"collection":[{"href":"https:\/\/www.ilmercoledi.news\/ilmercoledi\/news\/wp-json\/wp\/v2\/posts"}],"about":[{"href":"https:\/\/www.ilmercoledi.news\/ilmercoledi\/news\/wp-json\/wp\/v2\/types\/post"}],"author":[{"embeddable":true,"href":"https:\/\/www.ilmercoledi.news\/ilmercoledi\/news\/wp-json\/wp\/v2\/users\/11"}],"replies":[{"embeddable":true,"href":"https:\/\/www.ilmercoledi.news\/ilmercoledi\/news\/wp-json\/wp\/v2\/comments?post=53384"}],"version-history":[{"count":1,"href":"https:\/\/www.ilmercoledi.news\/ilmercoledi\/news\/wp-json\/wp\/v2\/posts\/53384\/revisions"}],"predecessor-version":[{"id":66316,"href":"https:\/\/www.ilmercoledi.news\/ilmercoledi\/news\/wp-json\/wp\/v2\/posts\/53384\/revisions\/66316"}],"wp:featuredmedia":[{"embeddable":true,"href":"https:\/\/www.ilmercoledi.news\/ilmercoledi\/news\/wp-json\/wp\/v2\/media\/15888"}],"wp:attachment":[{"href":"https:\/\/www.ilmercoledi.news\/ilmercoledi\/news\/wp-json\/wp\/v2\/media?parent=53384"}],"wp:term":[{"taxonomy":"category","embeddable":true,"href":"https:\/\/www.ilmercoledi.news\/ilmercoledi\/news\/wp-json\/wp\/v2\/categories?post=53384"},{"taxonomy":"post_tag","embeddable":true,"href":"https:\/\/www.ilmercoledi.news\/ilmercoledi\/news\/wp-json\/wp\/v2\/tags?post=53384"},{"taxonomy":"news-destination","embeddable":true,"href":"https:\/\/www.ilmercoledi.news\/ilmercoledi\/news\/wp-json\/wp\/v2\/news-destination?post=53384"},{"taxonomy":"news-source","embeddable":true,"href":"https:\/\/www.ilmercoledi.news\/ilmercoledi\/news\/wp-json\/wp\/v2\/news-source?post=53384"},{"taxonomy":"is_homepage","embeddable":true,"href":"https:\/\/www.ilmercoledi.news\/ilmercoledi\/news\/wp-json\/wp\/v2\/is_homepage?post=53384"},{"taxonomy":"ta_other","embeddable":true,"href":"https:\/\/www.ilmercoledi.news\/ilmercoledi\/news\/wp-json\/wp\/v2\/ta_other?post=53384"}],"curies":[{"name":"wp","href":"https:\/\/api.w.org\/{rel}","templated":true}]}}