{"id":53404,"date":"2023-05-23T13:36:50","date_gmt":"2023-05-23T11:36:50","guid":{"rendered":"https:\/\/www-ilmercoledi-news-*.sitenm.com\/?p=53404"},"modified":"2024-08-29T03:42:09","modified_gmt":"2023-11-03T03:42:09","slug":"citta-metropolitana-due-bandi-per-cercare-un-ragioniere-ed-un-agronomo","status":"publish","type":"post","link":"https:\/\/www.ilmercoledi.news\/2023\/05\/23\/citta-metropolitana-due-bandi-per-cercare-un-ragioniere-ed-un-agronomo\/","title":{"rendered":"CITTA&#8217; METROPOLITANA &#8211; Due bandi per cercare un ragioniere ed un agronomo"},"content":{"rendered":"<p>a Citt\u00e0 metropolitana di Torino cerca ragionieri e agronomi ed ha pubblicato due\u00a0\u00a0bandi di concorso pubblico\u00a0 e\u00a0un\u00a0avviso di selezione pubblica:<\/p>\n<p>&nbsp;<\/p>\n<p>Un bando \u00e8 destinato all\u2019assunzione\u00a0con il profilo professionale di Istruttore direttivo tecnico\u00a0(Area dei funzionari\u00a0\u00a0e dell\u2019elevata qualificazione &#8211; ex cat. D) a tempo indeterminato e pieno\u00a0di\u00a0due persone\u00a0nel ruolo di agronomo forestale.<\/p>\n<p>&nbsp;<\/p>\n<p>Il secondo bando \u00e8 per l\u2019assunzione a\u00a0a tempo indeterminato e pieno\u00a0di\u00a0due persone\u00a0nel profilo di\u00a0Istruttore direttivo di ragioneria\u00a0(Area dei funzionari\u00a0\u00a0e dell\u2019elevata qualificazione &#8211; ex cat. D)<\/p>\n<p>&nbsp;<\/p>\n<p>La selezione pubblica\u00a0infine riguarda\u00a0l\u2019assunzione a tempo determinato e pieno tramite\u00a0contratto di formazione e lavoro della durata di 12 mesi di\u00a0un\u00a0Esperto innovazione tecnologica\u00a0(Area dei funzionari\u00a0\u00a0e dell\u2019elevata qualificazione &#8211; ex cat. D).<\/p>\n<p>La figura professionale ricercata sar\u00e0 chiamata a sviluppare conoscenze e relazioni con gli stakeholders rispetto alle misure a favore di pubbliche amministrazioni e imprese finalizzate alle politiche di innovazione digitale.\u00a0Verr\u00e0 assegnata all\u2019Ufficio per le politiche a favore dell\u2019imprenditorialit\u00e0, dell\u2019innovazione e dell\u2019attrattivit\u00e0 del territorio e operer\u00e0 in sinergia con le attivit\u00e0 di statistica, semplificazione amministrativa e coordinamento comunicazione, nonch\u00e9 con le attivit\u00e0 di programmazione europea della Citt\u00e0 Metropolitana di Torino.<\/p>\n<p>&nbsp;<\/p>\n<p>La scadenza di presentazione telematica delle domande \u00e8 entro le ore 12 del 19 giugno 2023.<\/p>\n","protected":false},"excerpt":{"rendered":"","protected":false},"author":11,"featured_media":10400,"comment_status":"open","ping_status":"closed","sticky":false,"template":"","format":"standard","meta":[],"categories":[34],"tags":[],"news-destination":[],"news-source":[],"is_homepage":[581],"ta_other":[],"_links":{"self":[{"href":"https:\/\/www.ilmercoledi.news\/ilmercoledi\/news\/wp-json\/wp\/v2\/posts\/53404"}],"collection":[{"href":"https:\/\/www.ilmercoledi.news\/ilmercoledi\/news\/wp-json\/wp\/v2\/posts"}],"about":[{"href":"https:\/\/www.ilmercoledi.news\/ilmercoledi\/news\/wp-json\/wp\/v2\/types\/post"}],"author":[{"embeddable":true,"href":"https:\/\/www.ilmercoledi.news\/ilmercoledi\/news\/wp-json\/wp\/v2\/users\/11"}],"replies":[{"embeddable":true,"href":"https:\/\/www.ilmercoledi.news\/ilmercoledi\/news\/wp-json\/wp\/v2\/comments?post=53404"}],"version-history":[{"count":1,"href":"https:\/\/www.ilmercoledi.news\/ilmercoledi\/news\/wp-json\/wp\/v2\/posts\/53404\/revisions"}],"predecessor-version":[{"id":66340,"href":"https:\/\/www.ilmercoledi.news\/ilmercoledi\/news\/wp-json\/wp\/v2\/posts\/53404\/revisions\/66340"}],"wp:featuredmedia":[{"embeddable":true,"href":"https:\/\/www.ilmercoledi.news\/ilmercoledi\/news\/wp-json\/wp\/v2\/media\/10400"}],"wp:attachment":[{"href":"https:\/\/www.ilmercoledi.news\/ilmercoledi\/news\/wp-json\/wp\/v2\/media?parent=53404"}],"wp:term":[{"taxonomy":"category","embeddable":true,"href":"https:\/\/www.ilmercoledi.news\/ilmercoledi\/news\/wp-json\/wp\/v2\/categories?post=53404"},{"taxonomy":"post_tag","embeddable":true,"href":"https:\/\/www.ilmercoledi.news\/ilmercoledi\/news\/wp-json\/wp\/v2\/tags?post=53404"},{"taxonomy":"news-destination","embeddable":true,"href":"https:\/\/www.ilmercoledi.news\/ilmercoledi\/news\/wp-json\/wp\/v2\/news-destination?post=53404"},{"taxonomy":"news-source","embeddable":true,"href":"https:\/\/www.ilmercoledi.news\/ilmercoledi\/news\/wp-json\/wp\/v2\/news-source?post=53404"},{"taxonomy":"is_homepage","embeddable":true,"href":"https:\/\/www.ilmercoledi.news\/ilmercoledi\/news\/wp-json\/wp\/v2\/is_homepage?post=53404"},{"taxonomy":"ta_other","embeddable":true,"href":"https:\/\/www.ilmercoledi.news\/ilmercoledi\/news\/wp-json\/wp\/v2\/ta_other?post=53404"}],"curies":[{"name":"wp","href":"https:\/\/api.w.org\/{rel}","templated":true}]}}