{"id":53473,"date":"2023-05-25T07:26:39","date_gmt":"2023-05-25T05:26:39","guid":{"rendered":"https:\/\/www-ilmercoledi-news-*.sitenm.com\/?p=53473"},"modified":"2024-08-29T03:42:09","modified_gmt":"2023-11-03T03:42:09","slug":"moncalieri-il-circolo-legambiente-fenomeni-climatici-estremi-occorre-modificare-le-nostre-abitudini","status":"publish","type":"post","link":"https:\/\/www.ilmercoledi.news\/2023\/05\/25\/moncalieri-il-circolo-legambiente-fenomeni-climatici-estremi-occorre-modificare-le-nostre-abitudini\/","title":{"rendered":"MONCALIERI &#8211; Il circolo Legambiente: &#8216;Fenomeni climatici estremi? Occorre modificare le nostre abitudini&#8217;"},"content":{"rendered":"<p>&#8220;Da almento trent&#8217;anni gli esperti ci dicono che \u00e8 in corso un innalzamento delle temperature in tutto il pianeta, provocando fenomeni metereologici, sempre esistiti ma ora pi\u00f9 violenti e pi\u00f9 ravvicinati. Aggiungiamo che i danni sono maggiori dove questo allarme non \u00e8 stato ascoltato e invece di creare zone di sfogo per i fiumi in terreni permeabili, che possano ricaricare le falde acquifere sotteranee, si continua a cementificare ad oltranza ( vedi ospedale nuovo nel parco della Pellerina)&#8221;. Cos\u00ec il presidente di Legambiente Moncalieri Giovanni Ciavarella, sui risvolti che il maltempo di questi giorni ha creato sul territorio. &#8220;Ma \u00e8 sempre colpa di qualcun&#8217;altro? C&#8217;\u00e8 chi se la prende addirittura con gli ambientalisti e con le nutrie. Ognuno di noi deve modificare le proprie abitudini quotidiane per ridurre gli effetti negativi che hanno sull&#8217;ambiente. Consumare solo l&#8217;acqua realmente necessaria, senza sprechi, raccogliendola per usarla pi\u00f9 volte per gli scopi domestici. Utilizzando forme di energia sostenibile ( fotovoltaico, solare, &#8230;) e soprattutto riducendo gli sprechi energetici cos\u00ec da diminuire la produzione di CO2.\u00a0Partecipiamo anche alle forme di volontariato ambientale, che noi del Circolo Legambiente Moncalieri organizziamo da diversi anni, raccogliendo i rifiuti abbandonati sui bordi strada e sulle rive dei nostri canali, riducendo cos\u00ec intasamenti e inquinamenti. Piantiamo alberi, differenziamo i nostri rifiuti perch\u00e8 possano diventare nuova materia prima e dove non possiamo riduciamoli il pi\u00f9 possibile facendo acquisti mirati. E chiediamo ai nostri amministratori di aiutarci in questo cambiamento, con norme e provvedimenti adeguati&#8221;.<\/p>\n","protected":false},"excerpt":{"rendered":"","protected":false},"author":11,"featured_media":10909,"comment_status":"open","ping_status":"closed","sticky":false,"template":"","format":"standard","meta":[],"categories":[34],"tags":[],"news-destination":[],"news-source":[],"is_homepage":[581],"ta_other":[],"_links":{"self":[{"href":"https:\/\/www.ilmercoledi.news\/ilmercoledi\/news\/wp-json\/wp\/v2\/posts\/53473"}],"collection":[{"href":"https:\/\/www.ilmercoledi.news\/ilmercoledi\/news\/wp-json\/wp\/v2\/posts"}],"about":[{"href":"https:\/\/www.ilmercoledi.news\/ilmercoledi\/news\/wp-json\/wp\/v2\/types\/post"}],"author":[{"embeddable":true,"href":"https:\/\/www.ilmercoledi.news\/ilmercoledi\/news\/wp-json\/wp\/v2\/users\/11"}],"replies":[{"embeddable":true,"href":"https:\/\/www.ilmercoledi.news\/ilmercoledi\/news\/wp-json\/wp\/v2\/comments?post=53473"}],"version-history":[{"count":1,"href":"https:\/\/www.ilmercoledi.news\/ilmercoledi\/news\/wp-json\/wp\/v2\/posts\/53473\/revisions"}],"predecessor-version":[{"id":66356,"href":"https:\/\/www.ilmercoledi.news\/ilmercoledi\/news\/wp-json\/wp\/v2\/posts\/53473\/revisions\/66356"}],"wp:featuredmedia":[{"embeddable":true,"href":"https:\/\/www.ilmercoledi.news\/ilmercoledi\/news\/wp-json\/wp\/v2\/media\/10909"}],"wp:attachment":[{"href":"https:\/\/www.ilmercoledi.news\/ilmercoledi\/news\/wp-json\/wp\/v2\/media?parent=53473"}],"wp:term":[{"taxonomy":"category","embeddable":true,"href":"https:\/\/www.ilmercoledi.news\/ilmercoledi\/news\/wp-json\/wp\/v2\/categories?post=53473"},{"taxonomy":"post_tag","embeddable":true,"href":"https:\/\/www.ilmercoledi.news\/ilmercoledi\/news\/wp-json\/wp\/v2\/tags?post=53473"},{"taxonomy":"news-destination","embeddable":true,"href":"https:\/\/www.ilmercoledi.news\/ilmercoledi\/news\/wp-json\/wp\/v2\/news-destination?post=53473"},{"taxonomy":"news-source","embeddable":true,"href":"https:\/\/www.ilmercoledi.news\/ilmercoledi\/news\/wp-json\/wp\/v2\/news-source?post=53473"},{"taxonomy":"is_homepage","embeddable":true,"href":"https:\/\/www.ilmercoledi.news\/ilmercoledi\/news\/wp-json\/wp\/v2\/is_homepage?post=53473"},{"taxonomy":"ta_other","embeddable":true,"href":"https:\/\/www.ilmercoledi.news\/ilmercoledi\/news\/wp-json\/wp\/v2\/ta_other?post=53473"}],"curies":[{"name":"wp","href":"https:\/\/api.w.org\/{rel}","templated":true}]}}