{"id":53481,"date":"2023-05-25T15:19:25","date_gmt":"2023-05-25T13:19:25","guid":{"rendered":"https:\/\/www-ilmercoledi-news-*.sitenm.com\/?p=53481"},"modified":"2024-08-29T03:42:09","modified_gmt":"2023-11-03T03:42:09","slug":"scuola-fino-al-28-giugno-e-possibile-inoltrare-domanda-per-il-voucher-scuola","status":"publish","type":"post","link":"https:\/\/www.ilmercoledi.news\/2023\/05\/25\/scuola-fino-al-28-giugno-e-possibile-inoltrare-domanda-per-il-voucher-scuola\/","title":{"rendered":"SCUOLA &#8211; Fino al 28 giugno \u00e8 possibile inoltrare domanda per il voucher scuola"},"content":{"rendered":"<p>La Regione Piemonte comunica che\u00a0dal 24 maggio al 28 giugno 2023\u00a0\u00e8 possibile inoltrare la domanda per il\u00a0voucher scuola anno scolastico 2023\/2024\u00a0attraverso la\u00a0piattaforma online\u00a0(link in calce).<\/p>\n<p>Chi non avesse ancora provveduto, deve procedere per :<\/p>\n<p>\u2013 dotarsi dell\u2019Isee 2023<\/p>\n<p>\u2013 richiedere le credenziali Spid<\/p>\n<p>\u2013 registrarsi sulla piattaforma PiemonteTu<\/p>\n<p>\u2013 attivare le notifiche per il servizio \u201cTUIstruzione \u2013 Voucher Scuola\u201d nella sezione \u201cConfigurazione notifiche\u201d<\/p>\n<p>ll voucher \u00e8 destinato a studenti:<\/p>\n<ul>\n<li>residenti in Piemonte alla data di pubblicazione del Bando e iscritti per l\u2019anno scolastico 2023\/2024 (inizio settembre 2023) a scuole primarie, secondarie di primo o secondo grado statali o paritarie appartenenti a Istituzioni scolastiche facenti parte del sistema nazionale di istruzione o a corsi di formazione professionale;<\/li>\n<li>il cui nucleo familiare di appartenenza abbia un indicatore della situazione economica equivalente in corso di validit\u00e0 (I.S.E.E. anno 2023) non superiore a 26.000 euro (ventiseimila). Il valore I.S.E.E. non dovr\u00e0 essere indicato dal richiedente. La Regione acquisir\u00e0 direttamente le attestazioni I.S.E.E. in corso di validit\u00e0 presenti nella banca dati INPS alla data di chiusura del bando.<\/li>\n<\/ul>\n","protected":false},"excerpt":{"rendered":"","protected":false},"author":11,"featured_media":47230,"comment_status":"open","ping_status":"closed","sticky":false,"template":"","format":"standard","meta":[],"categories":[34],"tags":[],"news-destination":[],"news-source":[],"is_homepage":[581],"ta_other":[],"_links":{"self":[{"href":"https:\/\/www.ilmercoledi.news\/ilmercoledi\/news\/wp-json\/wp\/v2\/posts\/53481"}],"collection":[{"href":"https:\/\/www.ilmercoledi.news\/ilmercoledi\/news\/wp-json\/wp\/v2\/posts"}],"about":[{"href":"https:\/\/www.ilmercoledi.news\/ilmercoledi\/news\/wp-json\/wp\/v2\/types\/post"}],"author":[{"embeddable":true,"href":"https:\/\/www.ilmercoledi.news\/ilmercoledi\/news\/wp-json\/wp\/v2\/users\/11"}],"replies":[{"embeddable":true,"href":"https:\/\/www.ilmercoledi.news\/ilmercoledi\/news\/wp-json\/wp\/v2\/comments?post=53481"}],"version-history":[{"count":1,"href":"https:\/\/www.ilmercoledi.news\/ilmercoledi\/news\/wp-json\/wp\/v2\/posts\/53481\/revisions"}],"predecessor-version":[{"id":53484,"href":"https:\/\/www.ilmercoledi.news\/ilmercoledi\/news\/wp-json\/wp\/v2\/posts\/53481\/revisions\/53484"}],"wp:featuredmedia":[{"embeddable":true,"href":"https:\/\/www.ilmercoledi.news\/ilmercoledi\/news\/wp-json\/wp\/v2\/media\/47230"}],"wp:attachment":[{"href":"https:\/\/www.ilmercoledi.news\/ilmercoledi\/news\/wp-json\/wp\/v2\/media?parent=53481"}],"wp:term":[{"taxonomy":"category","embeddable":true,"href":"https:\/\/www.ilmercoledi.news\/ilmercoledi\/news\/wp-json\/wp\/v2\/categories?post=53481"},{"taxonomy":"post_tag","embeddable":true,"href":"https:\/\/www.ilmercoledi.news\/ilmercoledi\/news\/wp-json\/wp\/v2\/tags?post=53481"},{"taxonomy":"news-destination","embeddable":true,"href":"https:\/\/www.ilmercoledi.news\/ilmercoledi\/news\/wp-json\/wp\/v2\/news-destination?post=53481"},{"taxonomy":"news-source","embeddable":true,"href":"https:\/\/www.ilmercoledi.news\/ilmercoledi\/news\/wp-json\/wp\/v2\/news-source?post=53481"},{"taxonomy":"is_homepage","embeddable":true,"href":"https:\/\/www.ilmercoledi.news\/ilmercoledi\/news\/wp-json\/wp\/v2\/is_homepage?post=53481"},{"taxonomy":"ta_other","embeddable":true,"href":"https:\/\/www.ilmercoledi.news\/ilmercoledi\/news\/wp-json\/wp\/v2\/ta_other?post=53481"}],"curies":[{"name":"wp","href":"https:\/\/api.w.org\/{rel}","templated":true}]}}