{"id":53547,"date":"2023-05-30T13:48:12","date_gmt":"2023-05-30T11:48:12","guid":{"rendered":"https:\/\/www-ilmercoledi-news-*.sitenm.com\/?p=53547"},"modified":"2024-08-29T03:42:09","modified_gmt":"2023-11-03T03:42:09","slug":"moncalieri-intrecci-di-prossimita-contro-la-poverta","status":"publish","type":"post","link":"https:\/\/www.ilmercoledi.news\/2023\/05\/30\/moncalieri-intrecci-di-prossimita-contro-la-poverta\/","title":{"rendered":"MONCALIERI &#8211; Intrecci di prossimit\u00e0 contro la povert\u00e0"},"content":{"rendered":"<p>A Moncalieri c\u2019\u00e8 una rete silenziosa, che quotidianamente tenta di alleviare le fatiche delle famiglie pi\u00f9 fragili: sono le associazioni e le parrocchie che fanno parte della\u00a0Carta della Solidariet\u00e0 Alimentare. Un sistema che ogni settimana fornisce pacchi alimentari a centinaia di nuclei famigliari in difficolt\u00e0.<\/p>\n<p>Alcune di queste, insieme alla Citt\u00e0 di Moncalieri e all\u2019Unione dei Comuni di Moncalieri, Trofarello, La Loggia, sono risultate vincitrici del bando \u201cBene per Bene\u201d di Compagnia di San Paolo con il progetto \u201cMoncalieri Solidale\u201d: Cooperativa P.G. Frassati, Cooperativa Educazione Progetto, le associazioni Carit\u00e0 Senza Frontiere, M.I.O. Onlus e Croce Rossa di Moncalieri.<\/p>\n<p>Il progetto prevede di migliorare il sistema portando avanti un\u2019azione di coordinamento ed efficientamento della rete terrioriale della solidariet\u00e0 alimentare, insieme ad azioni pi\u00f9 dirette come le consegne a domicilio a nuclei in difficolt\u00e0 e un\u2019attivit\u00e0 di raccolta e redistribuzione delle eccedenze alimentari nei mercati della citt\u00e0.<\/p>\n<p>La\u00a0Cooperativa P.G. Frassati &#8211; capofila del progetto &#8211; e gli enti partner in accordo con\u00a0 Compagnia di San Paolo (ente finanziatore), presentano il progetto il prossimo 5 giugno alle 17 presso \u201cCarit\u00e0 Senza Frontiere\u201d &#8211; via Palestro, 11<\/p>\n","protected":false},"excerpt":{"rendered":"","protected":false},"author":11,"featured_media":39517,"comment_status":"open","ping_status":"closed","sticky":false,"template":"","format":"standard","meta":[],"categories":[34],"tags":[],"news-destination":[],"news-source":[],"is_homepage":[581],"ta_other":[],"_links":{"self":[{"href":"https:\/\/www.ilmercoledi.news\/ilmercoledi\/news\/wp-json\/wp\/v2\/posts\/53547"}],"collection":[{"href":"https:\/\/www.ilmercoledi.news\/ilmercoledi\/news\/wp-json\/wp\/v2\/posts"}],"about":[{"href":"https:\/\/www.ilmercoledi.news\/ilmercoledi\/news\/wp-json\/wp\/v2\/types\/post"}],"author":[{"embeddable":true,"href":"https:\/\/www.ilmercoledi.news\/ilmercoledi\/news\/wp-json\/wp\/v2\/users\/11"}],"replies":[{"embeddable":true,"href":"https:\/\/www.ilmercoledi.news\/ilmercoledi\/news\/wp-json\/wp\/v2\/comments?post=53547"}],"version-history":[{"count":1,"href":"https:\/\/www.ilmercoledi.news\/ilmercoledi\/news\/wp-json\/wp\/v2\/posts\/53547\/revisions"}],"predecessor-version":[{"id":66389,"href":"https:\/\/www.ilmercoledi.news\/ilmercoledi\/news\/wp-json\/wp\/v2\/posts\/53547\/revisions\/66389"}],"wp:featuredmedia":[{"embeddable":true,"href":"https:\/\/www.ilmercoledi.news\/ilmercoledi\/news\/wp-json\/wp\/v2\/media\/39517"}],"wp:attachment":[{"href":"https:\/\/www.ilmercoledi.news\/ilmercoledi\/news\/wp-json\/wp\/v2\/media?parent=53547"}],"wp:term":[{"taxonomy":"category","embeddable":true,"href":"https:\/\/www.ilmercoledi.news\/ilmercoledi\/news\/wp-json\/wp\/v2\/categories?post=53547"},{"taxonomy":"post_tag","embeddable":true,"href":"https:\/\/www.ilmercoledi.news\/ilmercoledi\/news\/wp-json\/wp\/v2\/tags?post=53547"},{"taxonomy":"news-destination","embeddable":true,"href":"https:\/\/www.ilmercoledi.news\/ilmercoledi\/news\/wp-json\/wp\/v2\/news-destination?post=53547"},{"taxonomy":"news-source","embeddable":true,"href":"https:\/\/www.ilmercoledi.news\/ilmercoledi\/news\/wp-json\/wp\/v2\/news-source?post=53547"},{"taxonomy":"is_homepage","embeddable":true,"href":"https:\/\/www.ilmercoledi.news\/ilmercoledi\/news\/wp-json\/wp\/v2\/is_homepage?post=53547"},{"taxonomy":"ta_other","embeddable":true,"href":"https:\/\/www.ilmercoledi.news\/ilmercoledi\/news\/wp-json\/wp\/v2\/ta_other?post=53547"}],"curies":[{"name":"wp","href":"https:\/\/api.w.org\/{rel}","templated":true}]}}