{"id":53611,"date":"2023-06-01T14:52:04","date_gmt":"2023-06-01T12:52:04","guid":{"rendered":"https:\/\/www-ilmercoledi-news-*.sitenm.com\/?p=53611"},"modified":"2024-08-29T03:42:08","modified_gmt":"2023-11-03T03:42:08","slug":"carmagnola-aperte-le-iscrizioni-di-piazza-ragazzabile-dal-5-giugno","status":"publish","type":"post","link":"https:\/\/www.ilmercoledi.news\/2023\/06\/01\/carmagnola-aperte-le-iscrizioni-di-piazza-ragazzabile-dal-5-giugno\/","title":{"rendered":"CARMAGNOLA &#8211; Aperte le iscrizioni di piazza ragazzabile dal 5 giugno"},"content":{"rendered":"<p>A partire da luned\u00ec 5 giugno e sino a luned\u00ec 12 giugno a Carmagnola sono aperte le iscrizioni all&#8217;edizione estiva 2023 di &#8220;Piazza Ragazzabile\u201d, cantiere laboratorio di cittadinanza, aggregazione e creativit\u00e0 aperto a tutti i nati tra il 1\u00b0 gennaio 2006 e il 31 dicembre 2008.<\/p>\n<p>Piazza Ragazzabile \u00e8 un\u2019iniziativa a cura dall\u2019Ufficio Giovani del Comune di Carmagnola che prevede laboratori formativi e attivit\u00e0 di ecologia urbana ed educazione alla cittadinanza attiva per ragazzi tra 15 e 17 anni di et\u00e0.<\/p>\n<p>I laboratori estivi si svolgeranno dal 15 giugno al 5 luglio, dal luned\u00ec a venerd\u00ec, dalle ore 9:00 alle ore 12:00<\/p>\n<p>Il modulo di iscrizione \u00e8 reperibile nell\u2019apposita sezione del sito www.comune.carmagnola.to.it<\/p>\n<p>Per iscriversi \u00e8 necessario:<\/p>\n<p>&#8211; compilare il modulo e consegnarlo a mano presso il Centro Competenze Carmagnola di Viale Garibaldi 29 luned\u00ec dalle ore 14 alle 18, mercoled\u00ec dalle ore 9 alle 13 e gioved\u00ec dalle ore 14 alle 18;<\/p>\n<p>&#8211; compilare il modulo e inviarlo tramite email all&#8217;indirizzo protocollo.carmagnola@cert.legalmail.it<\/p>\n<p>Visto il grande successo degli ultimi anni, con il coinvolgimento attivo di un numero considerevole di giovani (60 nel 2021 e 80 nel 2022) l\u2019Amministrazione Comunale di Carmagnola ha deciso di organizzare attivit\u00e0 di questo progetto non solo nel periodo estivo ma durante tutto l\u2019anno, per permettere agli adolescenti di continuare ad incontrarsi con la supervisione di educatori qualificati.<\/p>\n<p>Grazie ad un finanziamento dell\u2019Associazione \u201cCon i Bambini\u201d, in collaborazione con il Comune di Santena e la Cooperativa \u201cOltre la Siepe\u201d, e grazie all\u2019esito positivo del bando \u201cParchi giochi diffusi\u201d della Regione Piemonte, a partire dal mese di gennaio 2023 \u00e8 stata avviata una nuova programmazione di laboratori rivolti agli adolescenti, sempre per la fascia fascia d\u2019et\u00e0 15-17 anni.<\/p>\n<p>&nbsp;<\/p>\n<p>I laboratori estivi di Piazza Ragazzabile verranno promossi anche durante l\u2019iniziativa \u201cLetti di Notte\u201d, in particolare nel Dopo Festival dell\u20198 giugno, dove verranno inaugurate le panchine letterarie realizzate nel laboratorio del luned\u00ec e si riproporr\u00e0 il video realizzato nell\u2019edizione 2022 dal Circolo \u201cLa Fonte\u201d.<\/p>\n<p>&nbsp;<\/p>\n","protected":false},"excerpt":{"rendered":"","protected":false},"author":11,"featured_media":4293,"comment_status":"open","ping_status":"closed","sticky":false,"template":"","format":"standard","meta":[],"categories":[34],"tags":[],"news-destination":[],"news-source":[],"is_homepage":[581],"ta_other":[],"_links":{"self":[{"href":"https:\/\/www.ilmercoledi.news\/ilmercoledi\/news\/wp-json\/wp\/v2\/posts\/53611"}],"collection":[{"href":"https:\/\/www.ilmercoledi.news\/ilmercoledi\/news\/wp-json\/wp\/v2\/posts"}],"about":[{"href":"https:\/\/www.ilmercoledi.news\/ilmercoledi\/news\/wp-json\/wp\/v2\/types\/post"}],"author":[{"embeddable":true,"href":"https:\/\/www.ilmercoledi.news\/ilmercoledi\/news\/wp-json\/wp\/v2\/users\/11"}],"replies":[{"embeddable":true,"href":"https:\/\/www.ilmercoledi.news\/ilmercoledi\/news\/wp-json\/wp\/v2\/comments?post=53611"}],"version-history":[{"count":1,"href":"https:\/\/www.ilmercoledi.news\/ilmercoledi\/news\/wp-json\/wp\/v2\/posts\/53611\/revisions"}],"predecessor-version":[{"id":66268,"href":"https:\/\/www.ilmercoledi.news\/ilmercoledi\/news\/wp-json\/wp\/v2\/posts\/53611\/revisions\/66268"}],"wp:featuredmedia":[{"embeddable":true,"href":"https:\/\/www.ilmercoledi.news\/ilmercoledi\/news\/wp-json\/wp\/v2\/media\/4293"}],"wp:attachment":[{"href":"https:\/\/www.ilmercoledi.news\/ilmercoledi\/news\/wp-json\/wp\/v2\/media?parent=53611"}],"wp:term":[{"taxonomy":"category","embeddable":true,"href":"https:\/\/www.ilmercoledi.news\/ilmercoledi\/news\/wp-json\/wp\/v2\/categories?post=53611"},{"taxonomy":"post_tag","embeddable":true,"href":"https:\/\/www.ilmercoledi.news\/ilmercoledi\/news\/wp-json\/wp\/v2\/tags?post=53611"},{"taxonomy":"news-destination","embeddable":true,"href":"https:\/\/www.ilmercoledi.news\/ilmercoledi\/news\/wp-json\/wp\/v2\/news-destination?post=53611"},{"taxonomy":"news-source","embeddable":true,"href":"https:\/\/www.ilmercoledi.news\/ilmercoledi\/news\/wp-json\/wp\/v2\/news-source?post=53611"},{"taxonomy":"is_homepage","embeddable":true,"href":"https:\/\/www.ilmercoledi.news\/ilmercoledi\/news\/wp-json\/wp\/v2\/is_homepage?post=53611"},{"taxonomy":"ta_other","embeddable":true,"href":"https:\/\/www.ilmercoledi.news\/ilmercoledi\/news\/wp-json\/wp\/v2\/ta_other?post=53611"}],"curies":[{"name":"wp","href":"https:\/\/api.w.org\/{rel}","templated":true}]}}