{"id":53663,"date":"2023-06-05T14:42:00","date_gmt":"2023-06-05T12:42:00","guid":{"rendered":"https:\/\/www-ilmercoledi-news-*.sitenm.com\/?p=53663"},"modified":"2024-08-29T03:42:08","modified_gmt":"2023-11-03T03:42:08","slug":"citta-metropolitana-il-diritto-partorire-anonimato-seminario-con-valentina-cera","status":"publish","type":"post","link":"https:\/\/www.ilmercoledi.news\/2023\/06\/05\/citta-metropolitana-il-diritto-partorire-anonimato-seminario-con-valentina-cera\/","title":{"rendered":"CITTA&#8217; METROPOLITANA &#8211; Il &#8216;diritto a partorire in anonimato&#8217;, seminario con Valentina Cera"},"content":{"rendered":"<p align=\"left\">Il diritto della donna a partorire in anonimato, diritto sancito con un decreto del Presidente della Repubblica del 2000, \u00e8 il tema che sar\u00e0 affrontato il\u00a06 giugno presso l&#8217;Auditorium della Citt\u00e0 metropolitana di Torino\u00a0(corso Inghilterra 7, Torino) nel corso di un seminario dal titolo &#8220;Sos Donna: Parto Segreto&#8221; promosso da\u00a0Regione Piemonte, Citt\u00e0 metropolitana, Comune di Torino, Citt\u00e0 della salute e della scienza di Torino, Issaca, Consorzio socioassistenziale del Cuneese e Comune di Novara.<\/p>\n<p align=\"left\">Il seminario \u2013 che si svolger\u00e0\u00a0dalle 8.30 alle 13\u00a0&#8211; affronta in particolare la legge regionale 16 del 2 maggio 2006, che garantisce il diritto della donna a partorire in anonimato.<\/p>\n<p align=\"left\">Le donne fragili, o che stanno attraversando momenti di particolare difficolt\u00e0, possono lasciare il neonato nell&#8217;ospedale in cui \u00e8 nato, affinch\u00e9 sia assicurata l&#8217;assistenza e la cura e possa avviarsi il sistema di protezione sia del bambino, sia della madre.<\/p>\n<p align=\"left\">Alla madre fragile, che deve essere accompagnata nella decisione di riconoscere o meno il figlio nascituro, \u00e8 data l&#8217;opportunit\u00e0 di aderire a un progetto cucito su misura, che pu\u00f2 prevedere la sua accoglienza in una struttura ad hoc o in un contesto di affidamento familiare, con il figlio neonato.<\/p>\n<p align=\"left\">\n<p align=\"left\">Per le donne che hanno chiesto tempo per decidere se riconoscere il proprio nato, si tratta di garantire un&#8217;ospitalit\u00e0 in un ambiente neutro ed in ogni caso di accompagnarle nella scelta con un&#8217;assistenza adeguata e con l&#8217;offerta dei necessari aiuti materiali. Anche ad esse deve essere garantita la successiva presa in carico da parte degli enti gestori competenti per territorio al termine dei sessanta giorni successivi al parto. I bambini che non vengono riconosciuti vengono accolti, con cura, delicatezza ed attenzione, nel sistema dell&#8217;affido preadottivo e, poi, dell&#8217;adozione.<\/p>\n<p align=\"left\">Nel corso del seminario, dopo i saluti della consigliera metropolitana con delega alle politiche sociali\u00a0Valentina Cera\u00a0e dell&#8217;assessore al welfare del Comune di Torino\u00a0Jacopo Rosatelli,\u00a0interverr\u00e0 un nutrito gruppo di esperti per fare luce sulla normativa, le buone pratiche, le criticit\u00e0 e i dati sull&#8217;applicazione della legge regionale.<\/p>\n","protected":false},"excerpt":{"rendered":"","protected":false},"author":11,"featured_media":18239,"comment_status":"open","ping_status":"closed","sticky":false,"template":"","format":"standard","meta":[],"categories":[34],"tags":[],"news-destination":[],"news-source":[],"is_homepage":[581],"ta_other":[],"_links":{"self":[{"href":"https:\/\/www.ilmercoledi.news\/ilmercoledi\/news\/wp-json\/wp\/v2\/posts\/53663"}],"collection":[{"href":"https:\/\/www.ilmercoledi.news\/ilmercoledi\/news\/wp-json\/wp\/v2\/posts"}],"about":[{"href":"https:\/\/www.ilmercoledi.news\/ilmercoledi\/news\/wp-json\/wp\/v2\/types\/post"}],"author":[{"embeddable":true,"href":"https:\/\/www.ilmercoledi.news\/ilmercoledi\/news\/wp-json\/wp\/v2\/users\/11"}],"replies":[{"embeddable":true,"href":"https:\/\/www.ilmercoledi.news\/ilmercoledi\/news\/wp-json\/wp\/v2\/comments?post=53663"}],"version-history":[{"count":1,"href":"https:\/\/www.ilmercoledi.news\/ilmercoledi\/news\/wp-json\/wp\/v2\/posts\/53663\/revisions"}],"predecessor-version":[{"id":53665,"href":"https:\/\/www.ilmercoledi.news\/ilmercoledi\/news\/wp-json\/wp\/v2\/posts\/53663\/revisions\/53665"}],"wp:featuredmedia":[{"embeddable":true,"href":"https:\/\/www.ilmercoledi.news\/ilmercoledi\/news\/wp-json\/wp\/v2\/media\/18239"}],"wp:attachment":[{"href":"https:\/\/www.ilmercoledi.news\/ilmercoledi\/news\/wp-json\/wp\/v2\/media?parent=53663"}],"wp:term":[{"taxonomy":"category","embeddable":true,"href":"https:\/\/www.ilmercoledi.news\/ilmercoledi\/news\/wp-json\/wp\/v2\/categories?post=53663"},{"taxonomy":"post_tag","embeddable":true,"href":"https:\/\/www.ilmercoledi.news\/ilmercoledi\/news\/wp-json\/wp\/v2\/tags?post=53663"},{"taxonomy":"news-destination","embeddable":true,"href":"https:\/\/www.ilmercoledi.news\/ilmercoledi\/news\/wp-json\/wp\/v2\/news-destination?post=53663"},{"taxonomy":"news-source","embeddable":true,"href":"https:\/\/www.ilmercoledi.news\/ilmercoledi\/news\/wp-json\/wp\/v2\/news-source?post=53663"},{"taxonomy":"is_homepage","embeddable":true,"href":"https:\/\/www.ilmercoledi.news\/ilmercoledi\/news\/wp-json\/wp\/v2\/is_homepage?post=53663"},{"taxonomy":"ta_other","embeddable":true,"href":"https:\/\/www.ilmercoledi.news\/ilmercoledi\/news\/wp-json\/wp\/v2\/ta_other?post=53663"}],"curies":[{"name":"wp","href":"https:\/\/api.w.org\/{rel}","templated":true}]}}