{"id":53678,"date":"2023-06-05T18:28:38","date_gmt":"2023-06-05T16:28:38","guid":{"rendered":"https:\/\/www-ilmercoledi-news-*.sitenm.com\/?p=53678"},"modified":"2024-08-29T03:42:08","modified_gmt":"2023-11-03T03:42:08","slug":"moncalieri-summerland-festival-al-giardino-delle-rose","status":"publish","type":"post","link":"https:\/\/www.ilmercoledi.news\/2023\/06\/05\/moncalieri-summerland-festival-al-giardino-delle-rose\/","title":{"rendered":"MONCALIERI &#8211; Summerland festival al Giardino delle Rose"},"content":{"rendered":"<p>Dal 20 giugno al 4 agosto il Giardino delle Rose di Moncalieri si animer\u00e0 con \u201cSummerland Fest\u201d, la rassegna teatrale estiva organizzata da Santibriganti Teatro. Spettacoli serali il gioved\u00ec e il venerd\u00ec, matin\u00e9e per i bambini il marted\u00ec e il mercoled\u00ec. Durante le serate moncalieresi sar\u00e0 possibile assistere al pluripremiato spettacolo \u201cIl circo capovolto\u201d, a \u201cLa Collezione\u201d di Luca Serra, allo spettacolo Triangoli di \u201cOperazione Mir\u00f2\u201d, alla nuova produzione Santibriganti Teatro che ha recentemente debuttato al Torino Fringe Festival, \u201cO Ges\u00f9 d\u2019amore acceso\u201d, insieme al primo capitolo della Trilogia \u201cIO\/\/ODIO\u201d, \u201cDame di Shakespeare\u201d con Maura Sesia, \u201cAvevo solo bisogno di trovare le parole\u201d di Pappagalli in Trappola, \u201cCinque rose per Jennifer\u201d di Annibale Ruccello con Marco Intraia, uno spettacolo dell\u2019Accademia Brusa, libera creazione da \u201cIl Medico per Forza\u201d di Moliere, \u201cGrazie dei Fior\u00ec\u201d con Orlando Manfredi e Luca Occelli, \u201cNove giorni \u2013 la storia di Paolo che torn\u00f2 dalla guerra di Russia\u201d, \u201cIl castello non c\u2019\u00e8 pi\u00f9\u201d produzione I Turchini del Borghetto e infine uno spettacolo conclusivo dell\u2019esperienza laboratoriale intensiva sulla Commedia dell\u2019Arte condotta da Mauro Piombo. Le occasioni per vivere un\u2019estate all\u2019insegna del teatro non finiscono; le mattine al Giardino delle Rose sono dedicate ai pi\u00f9 piccoli con spettacoli per le Estate Ragazzi cittadine: \u201cAhiahia! Pirati in corsia!\u201d, \u201cMadame Souffl\u00e8\u201d, \u201cFiabe nei barattoli\u201d, \u201cYoYo Piederuota\u201d, \u201cFratelli in fuga\u201d, \u201cOZ\u201d e \u201cAlla ricerca di Kaidara\u201d.<\/p>\n","protected":false},"excerpt":{"rendered":"","protected":false},"author":11,"featured_media":7318,"comment_status":"open","ping_status":"closed","sticky":false,"template":"","format":"standard","meta":[],"categories":[34],"tags":[],"news-destination":[],"news-source":[],"is_homepage":[581],"ta_other":[],"_links":{"self":[{"href":"https:\/\/www.ilmercoledi.news\/ilmercoledi\/news\/wp-json\/wp\/v2\/posts\/53678"}],"collection":[{"href":"https:\/\/www.ilmercoledi.news\/ilmercoledi\/news\/wp-json\/wp\/v2\/posts"}],"about":[{"href":"https:\/\/www.ilmercoledi.news\/ilmercoledi\/news\/wp-json\/wp\/v2\/types\/post"}],"author":[{"embeddable":true,"href":"https:\/\/www.ilmercoledi.news\/ilmercoledi\/news\/wp-json\/wp\/v2\/users\/11"}],"replies":[{"embeddable":true,"href":"https:\/\/www.ilmercoledi.news\/ilmercoledi\/news\/wp-json\/wp\/v2\/comments?post=53678"}],"version-history":[{"count":1,"href":"https:\/\/www.ilmercoledi.news\/ilmercoledi\/news\/wp-json\/wp\/v2\/posts\/53678\/revisions"}],"predecessor-version":[{"id":53680,"href":"https:\/\/www.ilmercoledi.news\/ilmercoledi\/news\/wp-json\/wp\/v2\/posts\/53678\/revisions\/53680"}],"wp:featuredmedia":[{"embeddable":true,"href":"https:\/\/www.ilmercoledi.news\/ilmercoledi\/news\/wp-json\/wp\/v2\/media\/7318"}],"wp:attachment":[{"href":"https:\/\/www.ilmercoledi.news\/ilmercoledi\/news\/wp-json\/wp\/v2\/media?parent=53678"}],"wp:term":[{"taxonomy":"category","embeddable":true,"href":"https:\/\/www.ilmercoledi.news\/ilmercoledi\/news\/wp-json\/wp\/v2\/categories?post=53678"},{"taxonomy":"post_tag","embeddable":true,"href":"https:\/\/www.ilmercoledi.news\/ilmercoledi\/news\/wp-json\/wp\/v2\/tags?post=53678"},{"taxonomy":"news-destination","embeddable":true,"href":"https:\/\/www.ilmercoledi.news\/ilmercoledi\/news\/wp-json\/wp\/v2\/news-destination?post=53678"},{"taxonomy":"news-source","embeddable":true,"href":"https:\/\/www.ilmercoledi.news\/ilmercoledi\/news\/wp-json\/wp\/v2\/news-source?post=53678"},{"taxonomy":"is_homepage","embeddable":true,"href":"https:\/\/www.ilmercoledi.news\/ilmercoledi\/news\/wp-json\/wp\/v2\/is_homepage?post=53678"},{"taxonomy":"ta_other","embeddable":true,"href":"https:\/\/www.ilmercoledi.news\/ilmercoledi\/news\/wp-json\/wp\/v2\/ta_other?post=53678"}],"curies":[{"name":"wp","href":"https:\/\/api.w.org\/{rel}","templated":true}]}}