{"id":53729,"date":"2023-06-07T07:09:34","date_gmt":"2023-06-07T05:09:34","guid":{"rendered":"https:\/\/www-ilmercoledi-news-*.sitenm.com\/?p=53729"},"modified":"2024-08-29T03:42:08","modified_gmt":"2023-11-03T03:42:08","slug":"regione-approvato-lampliamento-dellabbruciamento-per-smaltire-residui-vegetali","status":"publish","type":"post","link":"https:\/\/www.ilmercoledi.news\/2023\/06\/07\/regione-approvato-lampliamento-dellabbruciamento-per-smaltire-residui-vegetali\/","title":{"rendered":"REGIONE &#8211; Approvato l&#8217;ampliamento dell&#8217;abbruciamento per smaltire i residui vegetali"},"content":{"rendered":"<p>Per gli\u00a0agricoltori\u00a0e i\u00a0Comuni piemontesi\u00a0si allarga e diventa pi\u00f9 semplice la possibilit\u00e0 di smaltire i residui vegetali di sfalcio attraverso la pratica dell\u2019abbruciamento controllato.\u00a0\u00c8 il risultato\u00a0dell\u2019ordine del giorno\u00a0approvato ieri dal Consiglio regionale del Piemonte, presentato dal capogruppo di Fratelli d\u2019Italia Paolo Bongioanni\u00a0e sottoscritto dal consigliere regionale\u00a0Davide Nicco.<\/p>\n<p>\u00abIn particolare dai Comuni e dai coltivatori della collina chierese e dalla fascia pedemontana pinerolese\u00a0\u2013 spiega\u00a0Davide Nicco\u00a0&#8211;\u00a0ho raccolto nel tempo la viva preoccupazione di non poter accedere a questa pratica agraria tramandata dalla tradizione dei nostri nonni, assolutamente ecosostenibile se correttamente condotta e tuttavia finora circoscritta soltanto ai comuni dichiarati montani per via di una classificazione vecchissima, risalente al 1988 e assolutamente superata rispetto alle attuali esigenze e ai mutamenti colturali e climatici\u00bb.<\/p>\n<p>\u00abPer questo\u00a0\u2013 sottolinea\u00a0Nicco\u00a0\u2013\u00a0ho sottoscritto con grande convinzione il documento presentato da Paolo Bongioanni che impegna la Giunta regionale a estendere rapidamente l\u2019accesso all\u2019abbruciamento controllato anche ai comuni collinari e collinari depressi, e non pi\u00f9 soltanto ai comuni montani come \u00e8 accaduto finora. \u00c8 una pratica che dev\u2019essere considerata ordinaria manutenzione agricola e non macchinosa e complessa attivit\u00e0 di smaltimento dei rifiuti, e che restituisce sostenibilit\u00e0 e semplicit\u00e0 gestionale a tante aziende e operatori dei nostri territori\u00bb.<\/p>\n<p>La modifica legislativa amplier\u00e0 le maglie e permetter\u00e0 anche nei comuni classificati di\u00a0collina\u00a0e di\u00a0collina depressa\u00a0la pratica dell\u2019abbruciamento controllato dei residui colturali, consentendo ai Sindaci interessati di autorizzarla con un\u2019apposita ordinanza per un massimo di trenta giorni anche non continuativi per i comuni montani e di quindici giorni per le aree di pianura.<\/p>\n<p>La riforma sar\u00e0 naturalmente\u00a0condivisa con gli\u00a0enti locali\u00a0e le\u00a0direzioni regionali\u00a0Agricoltura e cibo e Ambiente, energia e territorio.<\/p>\n","protected":false},"excerpt":{"rendered":"","protected":false},"author":11,"featured_media":30665,"comment_status":"open","ping_status":"closed","sticky":false,"template":"","format":"standard","meta":[],"categories":[34],"tags":[],"news-destination":[],"news-source":[],"is_homepage":[581],"ta_other":[],"_links":{"self":[{"href":"https:\/\/www.ilmercoledi.news\/ilmercoledi\/news\/wp-json\/wp\/v2\/posts\/53729"}],"collection":[{"href":"https:\/\/www.ilmercoledi.news\/ilmercoledi\/news\/wp-json\/wp\/v2\/posts"}],"about":[{"href":"https:\/\/www.ilmercoledi.news\/ilmercoledi\/news\/wp-json\/wp\/v2\/types\/post"}],"author":[{"embeddable":true,"href":"https:\/\/www.ilmercoledi.news\/ilmercoledi\/news\/wp-json\/wp\/v2\/users\/11"}],"replies":[{"embeddable":true,"href":"https:\/\/www.ilmercoledi.news\/ilmercoledi\/news\/wp-json\/wp\/v2\/comments?post=53729"}],"version-history":[{"count":1,"href":"https:\/\/www.ilmercoledi.news\/ilmercoledi\/news\/wp-json\/wp\/v2\/posts\/53729\/revisions"}],"predecessor-version":[{"id":66279,"href":"https:\/\/www.ilmercoledi.news\/ilmercoledi\/news\/wp-json\/wp\/v2\/posts\/53729\/revisions\/66279"}],"wp:featuredmedia":[{"embeddable":true,"href":"https:\/\/www.ilmercoledi.news\/ilmercoledi\/news\/wp-json\/wp\/v2\/media\/30665"}],"wp:attachment":[{"href":"https:\/\/www.ilmercoledi.news\/ilmercoledi\/news\/wp-json\/wp\/v2\/media?parent=53729"}],"wp:term":[{"taxonomy":"category","embeddable":true,"href":"https:\/\/www.ilmercoledi.news\/ilmercoledi\/news\/wp-json\/wp\/v2\/categories?post=53729"},{"taxonomy":"post_tag","embeddable":true,"href":"https:\/\/www.ilmercoledi.news\/ilmercoledi\/news\/wp-json\/wp\/v2\/tags?post=53729"},{"taxonomy":"news-destination","embeddable":true,"href":"https:\/\/www.ilmercoledi.news\/ilmercoledi\/news\/wp-json\/wp\/v2\/news-destination?post=53729"},{"taxonomy":"news-source","embeddable":true,"href":"https:\/\/www.ilmercoledi.news\/ilmercoledi\/news\/wp-json\/wp\/v2\/news-source?post=53729"},{"taxonomy":"is_homepage","embeddable":true,"href":"https:\/\/www.ilmercoledi.news\/ilmercoledi\/news\/wp-json\/wp\/v2\/is_homepage?post=53729"},{"taxonomy":"ta_other","embeddable":true,"href":"https:\/\/www.ilmercoledi.news\/ilmercoledi\/news\/wp-json\/wp\/v2\/ta_other?post=53729"}],"curies":[{"name":"wp","href":"https:\/\/api.w.org\/{rel}","templated":true}]}}