{"id":53750,"date":"2023-06-07T12:48:19","date_gmt":"2023-06-07T10:48:19","guid":{"rendered":"https:\/\/www-ilmercoledi-news-*.sitenm.com\/?p=53750"},"modified":"2024-08-29T03:42:08","modified_gmt":"2023-11-03T03:42:08","slug":"il-2-giugno-trofarello-il-maestro-gabriele-manassi-e-cittadino-benemerito","status":"publish","type":"post","link":"https:\/\/www.ilmercoledi.news\/2023\/06\/07\/il-2-giugno-trofarello-il-maestro-gabriele-manassi-e-cittadino-benemerito\/","title":{"rendered":"Il 2 Giugno a Trofarello: il maestro Gabriele Manassi \u00e8 Cittadino Benemerito"},"content":{"rendered":"\r\n<p><strong>Gabriele Manassi<\/strong> \u00e8 il nuovo Cittadino Benemerito di Trofarello.<\/p>\r\n<p>Nato nel &#8217;54, Manassi \u00e8 da sempre un rimerimento nell&#8217;ambito delle attivit\u00e0 musicali: diplomato in Pianoforte, Organo e composizione organistica, ha ottenuto anche la laurea magistrale in Composizione corale e Direzione di Coro, in Strumentazione per Banda, e la laurea in Direzione d&#8217;Orchestra, ed \u00e8 laureando in Prepolifonia.<\/p>\r\n<p>Una conoscenza vastissima, unita a doti di grande bravura, che ha sempre messo a disposizione dei suoi concittadini, suonando e dirigendo i complessi musicali che rappresentano il fiore all&#8217;occhiello della citt\u00e0 di Trofarello: la banda Santa Cecilia, la Easy Big Band e il coro H\u00e4ndel, proseguendo in questo modo la tradizione musicale iniziata dal pap\u00e0 Fausto Manassi. Inoltre, ha sempre costantemente offerto la propria disponibilit\u00e0 in qualsiasi manifestazione si sia organizzata sul territorio comunale.<\/p>\r\n<p>Come da protocollo, il sindaco di Trofarello Stefano Napoletano e l&#8217;amministrazione cittadina hanno consegnato a Manassi l&#8217;attestato di Benemerito durante la<strong> festa del 2 Giugno<\/strong>, che prevedeva anche un concerto del Coro H\u00e4ndel e Casale Coro accompagnati dall&#8217;orchestra della banda S. Cecilia di Trofarello.\u00a0<\/p>\r\n<p>&#8220;Come Amministrazione Comunale oggi abbiamo vissuto una giornata importante, abbiamo celebrato questa Festa della Repubblica insieme a due eccellenze del nostro territorio come la Banda Musicale Santa Cecilia e il Coro Polifonico H\u00e4ndel &#8211; ha detto il sindaco &#8211; Un concerto in cui la musica \u00e8 entrata nel cuore di tutti i presenti e come strumento di cultura. Oggi il nostro pensiero \u00e8 andato a tutti coloro che in questo periodo stanno operando per risolvere le tanti crisi nel nostro Paese, con un particolare abbraccio a tutti cittadini dell&#8217;Emilia Romagna. <br \/>Cultura \u00e8 aver inaugurato il giardino dedicato a Giovanni Falcone e Paolo Borsellino per i nostri ragazzi, il loro sorriso rimarr\u00e0 per sempre scolpito in questo luogo. <br \/>Continueremo l&#8217;impegno per la promozione della musica come strumento di cultura: abbiamo aperto la sala della musica al Marzanati visibile a tutti e casa delle nostre realt\u00e0 musicali. Trofarello ha delle eccellenze che meritano di essere valorizzate&#8221;. Ha concluso ringraziando &#8220;gli Alpini di Trofarello per averci ospitato anche quest&#8217;anno, un grazie a tutti gli uffici comunali e i dipendenti per il lavoro fatto; un grazie a tutti i cittadini che hanno voluto esserci e festeggiare insieme a noi&#8221;.<\/p>\r\n<p>In ultimo, ma non per ultimo, il ringraziamento alla responsabile del socioculturale <strong>Alida Versolatto<\/strong> con un bel mazzo di fiori consegnatole dall&#8217;assessore Giuseppe Scaglia, per i tanti anni dedicati con impegno e passione al Comune e a Trofarello.<\/p>\r\n<p>&nbsp;<\/p>\r\n<p><a href=\"https:\/\/www.ilmercoledi.news\/ilmercoledi\/news\/wp-content\/uploads\/sites\/3\/2023\/06\/trofarello-2-giugno-2023-3.jpeg\"><img alt=\"Il 2 Giugno a Trofarello: il maestro Gabriele Manassi \u00e8 Cittadino Benemerito\" title=\"Il 2 Giugno a Trofarello: il maestro Gabriele Manassi \u00e8 Cittadino Benemerito\" loading=\"lazy\" class=\" wp-image-57221\" src=\"https:\/\/www.ilmercoledi.news\/ilmercoledi\/news\/wp-content\/uploads\/sites\/3\/2023\/06\/trofarello-2-giugno-2023-3-300x225.jpeg\" alt=\"\" width=\"428\" height=\"321\" \/><\/a><\/p>\r\n","protected":false},"excerpt":{"rendered":"","protected":false},"author":4,"featured_media":53744,"comment_status":"open","ping_status":"closed","sticky":false,"template":"","format":"standard","meta":[],"categories":[395],"tags":[],"news-destination":[],"news-source":[],"is_homepage":[581],"ta_other":[],"_links":{"self":[{"href":"https:\/\/www.ilmercoledi.news\/ilmercoledi\/news\/wp-json\/wp\/v2\/posts\/53750"}],"collection":[{"href":"https:\/\/www.ilmercoledi.news\/ilmercoledi\/news\/wp-json\/wp\/v2\/posts"}],"about":[{"href":"https:\/\/www.ilmercoledi.news\/ilmercoledi\/news\/wp-json\/wp\/v2\/types\/post"}],"author":[{"embeddable":true,"href":"https:\/\/www.ilmercoledi.news\/ilmercoledi\/news\/wp-json\/wp\/v2\/users\/4"}],"replies":[{"embeddable":true,"href":"https:\/\/www.ilmercoledi.news\/ilmercoledi\/news\/wp-json\/wp\/v2\/comments?post=53750"}],"version-history":[{"count":1,"href":"https:\/\/www.ilmercoledi.news\/ilmercoledi\/news\/wp-json\/wp\/v2\/posts\/53750\/revisions"}],"predecessor-version":[{"id":66285,"href":"https:\/\/www.ilmercoledi.news\/ilmercoledi\/news\/wp-json\/wp\/v2\/posts\/53750\/revisions\/66285"}],"wp:featuredmedia":[{"embeddable":true,"href":"https:\/\/www.ilmercoledi.news\/ilmercoledi\/news\/wp-json\/wp\/v2\/media\/53744"}],"wp:attachment":[{"href":"https:\/\/www.ilmercoledi.news\/ilmercoledi\/news\/wp-json\/wp\/v2\/media?parent=53750"}],"wp:term":[{"taxonomy":"category","embeddable":true,"href":"https:\/\/www.ilmercoledi.news\/ilmercoledi\/news\/wp-json\/wp\/v2\/categories?post=53750"},{"taxonomy":"post_tag","embeddable":true,"href":"https:\/\/www.ilmercoledi.news\/ilmercoledi\/news\/wp-json\/wp\/v2\/tags?post=53750"},{"taxonomy":"news-destination","embeddable":true,"href":"https:\/\/www.ilmercoledi.news\/ilmercoledi\/news\/wp-json\/wp\/v2\/news-destination?post=53750"},{"taxonomy":"news-source","embeddable":true,"href":"https:\/\/www.ilmercoledi.news\/ilmercoledi\/news\/wp-json\/wp\/v2\/news-source?post=53750"},{"taxonomy":"is_homepage","embeddable":true,"href":"https:\/\/www.ilmercoledi.news\/ilmercoledi\/news\/wp-json\/wp\/v2\/is_homepage?post=53750"},{"taxonomy":"ta_other","embeddable":true,"href":"https:\/\/www.ilmercoledi.news\/ilmercoledi\/news\/wp-json\/wp\/v2\/ta_other?post=53750"}],"curies":[{"name":"wp","href":"https:\/\/api.w.org\/{rel}","templated":true}]}}