{"id":53819,"date":"2023-06-12T07:33:01","date_gmt":"2023-06-12T05:33:01","guid":{"rendered":"https:\/\/www-ilmercoledi-news-*.sitenm.com\/?p=53819"},"modified":"2024-08-29T03:42:08","modified_gmt":"2023-11-03T03:42:08","slug":"nichelino-tsnunami-parroci-ufficializzati-gli-addii-di-don-robella-ferrero-e-sivera","status":"publish","type":"post","link":"https:\/\/www.ilmercoledi.news\/2023\/06\/12\/nichelino-tsnunami-parroci-ufficializzati-gli-addii-di-don-robella-ferrero-e-sivera\/","title":{"rendered":"NICHELINO &#8211; Tsnunami-parroci: ufficializzati gli addii di don Robella, Ferrero e Sivera"},"content":{"rendered":"<p>Con una nota inviata dalla Diocesi, sono stati ufficializzati diversi spostamenti di parroci a Nichelino. Il nuovo responsabile delle parrocchie SS. Trinit\u00e0, Maria Regina Mundi, S. Edoardo Re, Madonna della Fiducia e S. Damiano sar\u00e0 don Davide Chiaussa, in arrivo dalla parrocchia S. Alfonso Mari de Liguori, di Torino. Sar\u00e1 coadiuvato da don Alberto Vergnano e da don Eduard Blaj. Don Riccardo Robella dalla parrocchia SS. Trinit\u00e0 \u00e8 stato trasferito alle parrocchie Santi Pietro e Paolo Apostoli in Lein\u00ed e Nostra Signora del Sacro Cuore di Ges\u00f9 in Mappano; don Gian Franco Sivera dalla parrocchia Madonna della Fiducia e S. Damiano \u00a0alla parrocchia Santi Gervasio e Protasio in None e infine don Fabrizio Ferrero coadiuver\u00e1 il lavoro di don Paolo Comba nelle parrocchie S. Maria della Scala, Beato Bernardo e SS. Trinit\u00e0 di Moncalieri.<\/p>\n","protected":false},"excerpt":{"rendered":"","protected":false},"author":11,"featured_media":53326,"comment_status":"open","ping_status":"closed","sticky":false,"template":"","format":"standard","meta":[],"categories":[34],"tags":[],"news-destination":[],"news-source":[],"is_homepage":[581],"ta_other":[],"_links":{"self":[{"href":"https:\/\/www.ilmercoledi.news\/ilmercoledi\/news\/wp-json\/wp\/v2\/posts\/53819"}],"collection":[{"href":"https:\/\/www.ilmercoledi.news\/ilmercoledi\/news\/wp-json\/wp\/v2\/posts"}],"about":[{"href":"https:\/\/www.ilmercoledi.news\/ilmercoledi\/news\/wp-json\/wp\/v2\/types\/post"}],"author":[{"embeddable":true,"href":"https:\/\/www.ilmercoledi.news\/ilmercoledi\/news\/wp-json\/wp\/v2\/users\/11"}],"replies":[{"embeddable":true,"href":"https:\/\/www.ilmercoledi.news\/ilmercoledi\/news\/wp-json\/wp\/v2\/comments?post=53819"}],"version-history":[{"count":1,"href":"https:\/\/www.ilmercoledi.news\/ilmercoledi\/news\/wp-json\/wp\/v2\/posts\/53819\/revisions"}],"predecessor-version":[{"id":53821,"href":"https:\/\/www.ilmercoledi.news\/ilmercoledi\/news\/wp-json\/wp\/v2\/posts\/53819\/revisions\/53821"}],"wp:featuredmedia":[{"embeddable":true,"href":"https:\/\/www.ilmercoledi.news\/ilmercoledi\/news\/wp-json\/wp\/v2\/media\/53326"}],"wp:attachment":[{"href":"https:\/\/www.ilmercoledi.news\/ilmercoledi\/news\/wp-json\/wp\/v2\/media?parent=53819"}],"wp:term":[{"taxonomy":"category","embeddable":true,"href":"https:\/\/www.ilmercoledi.news\/ilmercoledi\/news\/wp-json\/wp\/v2\/categories?post=53819"},{"taxonomy":"post_tag","embeddable":true,"href":"https:\/\/www.ilmercoledi.news\/ilmercoledi\/news\/wp-json\/wp\/v2\/tags?post=53819"},{"taxonomy":"news-destination","embeddable":true,"href":"https:\/\/www.ilmercoledi.news\/ilmercoledi\/news\/wp-json\/wp\/v2\/news-destination?post=53819"},{"taxonomy":"news-source","embeddable":true,"href":"https:\/\/www.ilmercoledi.news\/ilmercoledi\/news\/wp-json\/wp\/v2\/news-source?post=53819"},{"taxonomy":"is_homepage","embeddable":true,"href":"https:\/\/www.ilmercoledi.news\/ilmercoledi\/news\/wp-json\/wp\/v2\/is_homepage?post=53819"},{"taxonomy":"ta_other","embeddable":true,"href":"https:\/\/www.ilmercoledi.news\/ilmercoledi\/news\/wp-json\/wp\/v2\/ta_other?post=53819"}],"curies":[{"name":"wp","href":"https:\/\/api.w.org\/{rel}","templated":true}]}}