{"id":53864,"date":"2023-06-13T07:26:39","date_gmt":"2023-06-13T05:26:39","guid":{"rendered":"https:\/\/www-ilmercoledi-news-*.sitenm.com\/?p=53864"},"modified":"2024-08-29T03:42:07","modified_gmt":"2023-11-03T03:42:07","slug":"santena-ultimi-giorni-per-aderire-al-progetto-sostegno-di-progetti-strategici-dei-distretti-del-commercio","status":"publish","type":"post","link":"https:\/\/www.ilmercoledi.news\/2023\/06\/13\/santena-ultimi-giorni-per-aderire-al-progetto-sostegno-di-progetti-strategici-dei-distretti-del-commercio\/","title":{"rendered":"SANTENA &#8211; Ultimi giorni per aderire al progetto &#8216;Sostegno di progetti strategici dei Distretti del Commercio&#8217;"},"content":{"rendered":"<p>Ultimi giorni per aderire al progetto \u201cSostegno di progetti strategici dei Distretti del Commercio\u201d, promosso dal Distretto del Commercio Chierese. C\u2019\u00e8 tempo fino al 15 giugno per presentare la propria candidatura e accedere ai fondi stanziati dalla Regione Piemonte per il commercio, piccole imprese e artigiani.<\/p>\n<p>lI bando \u00e8 finalizzato a sostenere lo sviluppo delle attivit\u00e0 commerciali esistenti e a favorire la nascita di nuove realt\u00e0 imprenditoriali.<\/p>\n<p>Ecco le azioni ammissibili indicate dalla Regione Piemonte:<\/p>\n<p>* Interventi volti all&#8217;ammodernamento e al miglioramento dell&#8217;esteriorit\u00e0 delle attivit\u00e0 commerciali (vetrine, insegne, facciate, tende, pergole, dehor, illuminazione esterna, etc.);<\/p>\n<p>* Sostegno di nuove attivit\u00e0 o aperture di nuove unita locali (acquisto di macchinari, attrezzature, apparecchi;<\/p>\n<p>* Interventi volti alla realizzazione di servizi innovativi fra gli operatori dell\u2019area e a vantaggio dei consumatori;<\/p>\n<p>* Interventi volti alla fidelizzazione della clientela;<\/p>\n<p>* Interventi per l&#8217;implementazione digitale delle singole imprese (solo spese in conto capitale);<\/p>\n<p>* Progettualit\u00e0 innovative che possano contribuire alla crescita delle singole imprese del commercio, inclusa attivit\u00e0 formativa, informatica e servizi di accompagnamento relativi all&#8217;attivit\u00e0 del Distretto.<\/p>\n<p>Come previsto dal bando Regionale, i contributi assegnati riguarderanno spese effettuate dopo l&#8217;emissione del bando comunale, secondo la seguente modalit\u00e0: 80% della spesa sostenuta con il massimo per impresa di \u20ac 10.000. Sar\u00e0 finanziata almeno una impresa per Comune, se presente.<\/p>\n<p>Qualora il numero delle domande sia molto elevato, per consentire il massimo soddisfacimento del numero di domande, l&#8217;importo sar\u00e0 ridotto fino a \u20ac 5.000, sempre nel limite dell\u201980% della spesa sostenuta, fino ad esaurimento dell&#8217;importo previsto dal Bando Regionale.<\/p>\n<p>I soggetti ammissibili sono le attivit\u00e0 di somministrazione al pubblico di alimenti e bevande; le farmacie che non si occupino esclusivamente di prodotti farmaceutici, specialit\u00e0 medicinali, dispositivi medici e medico-chirurgici; i titolari di rivendita di generi di monopolio; e gli artigiani con autorizzazione di vendita al dettaglio, muniti di SCIA.<\/p>\n<p>Per l\u2019individuazione delle aziende finanziabili, sar\u00e0 pubblicato a breve un bando pubblico curato dal Comune Capofila del progetto di Riva di Chieri, che lister\u00e0 le graduatorie in base alla data di presentazione della domanda di ammissione.<\/p>\n<p>L&#8217;Ufficio Commercio del Comune di Santena \u00e8 disponibile a fornire le informazioni utili per la partecipazione.\u00a0Maggiori info su https:\/\/comune.santena.to.it\/&#8230;\/distretto-diffuso&#8230;<\/p>\n<p>&nbsp;<\/p>\n","protected":false},"excerpt":{"rendered":"","protected":false},"author":11,"featured_media":22440,"comment_status":"open","ping_status":"closed","sticky":false,"template":"","format":"standard","meta":[],"categories":[34],"tags":[],"news-destination":[],"news-source":[],"is_homepage":[581],"ta_other":[],"_links":{"self":[{"href":"https:\/\/www.ilmercoledi.news\/ilmercoledi\/news\/wp-json\/wp\/v2\/posts\/53864"}],"collection":[{"href":"https:\/\/www.ilmercoledi.news\/ilmercoledi\/news\/wp-json\/wp\/v2\/posts"}],"about":[{"href":"https:\/\/www.ilmercoledi.news\/ilmercoledi\/news\/wp-json\/wp\/v2\/types\/post"}],"author":[{"embeddable":true,"href":"https:\/\/www.ilmercoledi.news\/ilmercoledi\/news\/wp-json\/wp\/v2\/users\/11"}],"replies":[{"embeddable":true,"href":"https:\/\/www.ilmercoledi.news\/ilmercoledi\/news\/wp-json\/wp\/v2\/comments?post=53864"}],"version-history":[{"count":1,"href":"https:\/\/www.ilmercoledi.news\/ilmercoledi\/news\/wp-json\/wp\/v2\/posts\/53864\/revisions"}],"predecessor-version":[{"id":53866,"href":"https:\/\/www.ilmercoledi.news\/ilmercoledi\/news\/wp-json\/wp\/v2\/posts\/53864\/revisions\/53866"}],"wp:featuredmedia":[{"embeddable":true,"href":"https:\/\/www.ilmercoledi.news\/ilmercoledi\/news\/wp-json\/wp\/v2\/media\/22440"}],"wp:attachment":[{"href":"https:\/\/www.ilmercoledi.news\/ilmercoledi\/news\/wp-json\/wp\/v2\/media?parent=53864"}],"wp:term":[{"taxonomy":"category","embeddable":true,"href":"https:\/\/www.ilmercoledi.news\/ilmercoledi\/news\/wp-json\/wp\/v2\/categories?post=53864"},{"taxonomy":"post_tag","embeddable":true,"href":"https:\/\/www.ilmercoledi.news\/ilmercoledi\/news\/wp-json\/wp\/v2\/tags?post=53864"},{"taxonomy":"news-destination","embeddable":true,"href":"https:\/\/www.ilmercoledi.news\/ilmercoledi\/news\/wp-json\/wp\/v2\/news-destination?post=53864"},{"taxonomy":"news-source","embeddable":true,"href":"https:\/\/www.ilmercoledi.news\/ilmercoledi\/news\/wp-json\/wp\/v2\/news-source?post=53864"},{"taxonomy":"is_homepage","embeddable":true,"href":"https:\/\/www.ilmercoledi.news\/ilmercoledi\/news\/wp-json\/wp\/v2\/is_homepage?post=53864"},{"taxonomy":"ta_other","embeddable":true,"href":"https:\/\/www.ilmercoledi.news\/ilmercoledi\/news\/wp-json\/wp\/v2\/ta_other?post=53864"}],"curies":[{"name":"wp","href":"https:\/\/api.w.org\/{rel}","templated":true}]}}