{"id":53897,"date":"2023-06-14T14:48:19","date_gmt":"2023-06-14T12:48:19","guid":{"rendered":"https:\/\/www-ilmercoledi-news-*.sitenm.com\/?p=53897"},"modified":"2024-08-29T03:42:07","modified_gmt":"2023-11-03T03:42:07","slug":"carmagnola-aspre-polemiche-politiche-sulla-seduta-della-commissione-per-il-polo-logistico-conad","status":"publish","type":"post","link":"https:\/\/www.ilmercoledi.news\/2023\/06\/14\/carmagnola-aspre-polemiche-politiche-sulla-seduta-della-commissione-per-il-polo-logistico-conad\/","title":{"rendered":"CARMAGNOLA &#8211; Aspre polemiche politiche sulla seduta della commissione per il polo logistico Conad"},"content":{"rendered":"<p>Aspre polemiche tra minoranza e maggioranza sulla commissione consiliare indetta per parlare della variante del Piano Regolatore legata all\u2019insediamento del futuro sito logistico Conad. La riunione \u00e8 stata convocata nella saletta dell&#8217;ufficio tecnico, cosa che ha mandato su tutte le furie la minoranza di Carmagnola Insieme: &#8220;La decisione &#8211; spiega in una nota la coalizione Carmagnola Insieme -, ha costretto molte persone che volevano ascoltare il dibattito a stare nel corridoio. Nonostante fossero stati ripetutamente avvertiti della presenza di numerosi cittadini, il Presidente della Commissione e la Sindaca sono stati irremovibili. Con il loro rifiuto di riunirsi in una sala adeguata, hanno costretto varie decine di cittadini a seguire i lavori stipati in una stanzetta, con molta gente in piedi anche nel corridoio. Il pubblico ha assistito in rispettoso silenzio, ascoltando le relazioni dei tecnici: ma evidentemente la loro semplice presenza \u00e8 stata accolta con molto fastidio. Non ci vengano a parlare\u00a0 di partecipazione&#8221;.<\/p>\n<p>La sindaca Ivana Gaveglio non ha assolutamente gradito la presa di posizione, rispondendo per le rime: &#8220;Arroganza la nostra? Piuttosto una garanzia di democrazia. La riunione cui si fa riferimento \u00e8 una seduta della seconda commissione consiliare per l\u2019espressione di un parere consultivo (che \u00e8 stato positivo da parte di tutti i componenti della commissione stessa, anche quelli di minoranza) su una variante urbanistica. Tutti gli atti relativi erano stati pubblicati sul sito del Comune nel rispetto dei tempi richiesti e sono tuttora a disposizione. Compito fondamentale di un amministratore, anche di minoranza, \u00e8 almeno di saper accedere a quei documenti, di documentarsi per essere in grado di dare spiegazioni ai cittadini, perch\u00e9 certamente essi hanno il pieno diritto di essere informati. E\u2019 stato evidente, purtroppo, come questo non sia stato svolto da chi\u00a0si lamenta e che, anzi, si fa scudo di alcuni cittadini per nascondere le proprie mancanze. Questo \u00e8 gravissimo in una democrazia da parte di un amministratore e non solo. Tra i cittadini, infatti erano presenti ex amministratori, ovviamente della parte politica della minoranza e l\u2019ex sindaco ed ex candidato sindaco, dimissionario fin dalla prima seduta di questa consigliatura. Difficile credere che non sapessero che, da sempre, le sedute della commissione si svolgono in una saletta dell\u2019ufficio tecnico comunale. In ogni caso la commissione si \u00e8 riunita, alla presenza di quei cittadini interessati che hanno potuto ascoltare due ore di interventi accurati da parte dei tecnici comunali e dei professionisti incaricati, cui vanno i ringraziamenti per l\u2019esposizione chiara, trasparente ed esaustiva. Forse chi ha chiesto lo spostamento non ha compreso che non avrebbe neanche dovuto formulare la richiesta e che il non avergli dato soddisfazione \u00e8 stato proprio a tutela del suo ruolo di rappresentante e a garanzia della seriet\u00e0 del suo mandato. La prossima richiesta potrebbe essere quella di convocare la commissione sulla riva del Po, su un ponte dell\u2019autostrada, in una birreria\u2026..perch\u00e8 no? Perch\u00e8 la democrazia \u00e8 altra cosa, non solo \u201cdisobbedienza civile\u201d.<\/p>\n","protected":false},"excerpt":{"rendered":"","protected":false},"author":11,"featured_media":53896,"comment_status":"open","ping_status":"closed","sticky":false,"template":"","format":"standard","meta":[],"categories":[34],"tags":[],"news-destination":[],"news-source":[],"is_homepage":[581],"ta_other":[],"_links":{"self":[{"href":"https:\/\/www.ilmercoledi.news\/ilmercoledi\/news\/wp-json\/wp\/v2\/posts\/53897"}],"collection":[{"href":"https:\/\/www.ilmercoledi.news\/ilmercoledi\/news\/wp-json\/wp\/v2\/posts"}],"about":[{"href":"https:\/\/www.ilmercoledi.news\/ilmercoledi\/news\/wp-json\/wp\/v2\/types\/post"}],"author":[{"embeddable":true,"href":"https:\/\/www.ilmercoledi.news\/ilmercoledi\/news\/wp-json\/wp\/v2\/users\/11"}],"replies":[{"embeddable":true,"href":"https:\/\/www.ilmercoledi.news\/ilmercoledi\/news\/wp-json\/wp\/v2\/comments?post=53897"}],"version-history":[{"count":1,"href":"https:\/\/www.ilmercoledi.news\/ilmercoledi\/news\/wp-json\/wp\/v2\/posts\/53897\/revisions"}],"predecessor-version":[{"id":66221,"href":"https:\/\/www.ilmercoledi.news\/ilmercoledi\/news\/wp-json\/wp\/v2\/posts\/53897\/revisions\/66221"}],"wp:featuredmedia":[{"embeddable":true,"href":"https:\/\/www.ilmercoledi.news\/ilmercoledi\/news\/wp-json\/wp\/v2\/media\/53896"}],"wp:attachment":[{"href":"https:\/\/www.ilmercoledi.news\/ilmercoledi\/news\/wp-json\/wp\/v2\/media?parent=53897"}],"wp:term":[{"taxonomy":"category","embeddable":true,"href":"https:\/\/www.ilmercoledi.news\/ilmercoledi\/news\/wp-json\/wp\/v2\/categories?post=53897"},{"taxonomy":"post_tag","embeddable":true,"href":"https:\/\/www.ilmercoledi.news\/ilmercoledi\/news\/wp-json\/wp\/v2\/tags?post=53897"},{"taxonomy":"news-destination","embeddable":true,"href":"https:\/\/www.ilmercoledi.news\/ilmercoledi\/news\/wp-json\/wp\/v2\/news-destination?post=53897"},{"taxonomy":"news-source","embeddable":true,"href":"https:\/\/www.ilmercoledi.news\/ilmercoledi\/news\/wp-json\/wp\/v2\/news-source?post=53897"},{"taxonomy":"is_homepage","embeddable":true,"href":"https:\/\/www.ilmercoledi.news\/ilmercoledi\/news\/wp-json\/wp\/v2\/is_homepage?post=53897"},{"taxonomy":"ta_other","embeddable":true,"href":"https:\/\/www.ilmercoledi.news\/ilmercoledi\/news\/wp-json\/wp\/v2\/ta_other?post=53897"}],"curies":[{"name":"wp","href":"https:\/\/api.w.org\/{rel}","templated":true}]}}