{"id":53900,"date":"2023-06-14T14:55:33","date_gmt":"2023-06-14T12:55:33","guid":{"rendered":"https:\/\/www-ilmercoledi-news-*.sitenm.com\/?p=53900"},"modified":"2024-08-29T03:42:07","modified_gmt":"2023-11-03T03:42:07","slug":"carmagnola-nuovo-appuntamento-con-la-rassegna-il-libro-del-mercoledi","status":"publish","type":"post","link":"https:\/\/www.ilmercoledi.news\/2023\/06\/14\/carmagnola-nuovo-appuntamento-con-la-rassegna-il-libro-del-mercoledi\/","title":{"rendered":"CARMAGNOLA &#8211; Nuovo appuntamento con la rassegna: il libro del Mercoled\u00ec"},"content":{"rendered":"<p>Prosegue oggi con un appuntamento della rassegna &#8220;Il Libro del Mercoled\u00ec&#8221; curata dal Gruppo Di Lettura Carmagnola, il mese della Cultura cittadino. Il 14 giugno alle ore 21, nel Cortile del Castello, in Via Silvio Pellico 5, l&#8217;appuntamento \u00e8 con Davide Cerullo e Emanuele Fucecchi.<\/p>\n<p>LO SCRITTORE Davide Cerullo \u00e8 nato nel 1974 nella periferia di Napoli. \u201cCresciuto nel quartiere della droga, dal fondo di prigione ha trovato il suo nome scritto nella Bibbia: Davide! Ha staccato di nascosto le pagine, le ha lette e da l\u00ec \u00e8 cominciata una persona nuova\u201d scrive di lui Erri De Luca. Attualmente vive a Scampia, dove ha fondato \u201cL\u2019albero delle storie\u201d, un\u2019associazione di promozione sociale, che si occupa di progetti educativi. Si dedica alla fotografia e alla scrittura.<\/p>\n<p>IL FUMETTISTA Emanuele Fucecchi Illustratore e fumettista, disegna per \u00abL\u2019Espresso\u00bb e \u00abIl Fatto Quotidiano\u00bb. Ha lavorato per \u00abIl Foglio\u00bb e \u00abAvvenire\u00bb. Tra i suoi libri Politik per la Sperling &amp; Kupfer. In tv ha animato la cronaca politica per Tetris su La7, la nera per Matrix di Mediaset, l\u2019attualit\u00e0 per Petrolio su Rai Uno. \u00c8 stato insegnante nella scuola pubblica per dieci anni.<\/p>\n<p>I LIBRI<\/p>\n<p>L\u2019ORRORE E LA BELLEZZA<\/p>\n<p>L&#8217;autobiografia di Davide Cerullo. Un bambino nato nella periferia di Napoli negli anni &#8217;70, con la delinquenza come orizzonte di ogni giornata; la meraviglia scoperta nei ventri delle capre, il terrore provato quando ha tenuto per la prima volta un fucile puntato contro un uomo. Un flusso di racconti e di digressioni su vite e volti che hanno fatto la &#8220;storia di una storia&#8221; capace di approdare alla necessit\u00e0 di una rinascita che continua ogni giorno, nel presente. &#8220;Storia di una storia rimanda alla ricerca del perch\u00e9 una storia \u00e8 diventata proprio quella storia, la mia storia, e non un&#8217;altra storia. \u00c8 la mia storia ma potrebbe essere, date le stesse premesse, anche la storia di altri.&#8221;<\/p>\n<p>SOLDATINI DI PIOMBO &#8211; AMORE E MORTE A SCAMPIA<\/p>\n<p>A soli 10 anni Davide \u00e8 ricercato dalla polizia, a 14 gestisce una piazza di spaccio a Scampia, a 16 viene arrestato per droga, a 17 gambizzato dai killer di un clan rivale, a 18 rinchiuso nel carcere di Poggioreale, dove lo attende l\u2019incontro pi\u00f9 rivoluzionario della sua vita.<\/p>\n<p>&nbsp;<\/p>\n<p>&nbsp;<\/p>\n","protected":false},"excerpt":{"rendered":"","protected":false},"author":11,"featured_media":53898,"comment_status":"open","ping_status":"closed","sticky":false,"template":"","format":"standard","meta":[],"categories":[34],"tags":[],"news-destination":[],"news-source":[],"is_homepage":[581],"ta_other":[],"_links":{"self":[{"href":"https:\/\/www.ilmercoledi.news\/ilmercoledi\/news\/wp-json\/wp\/v2\/posts\/53900"}],"collection":[{"href":"https:\/\/www.ilmercoledi.news\/ilmercoledi\/news\/wp-json\/wp\/v2\/posts"}],"about":[{"href":"https:\/\/www.ilmercoledi.news\/ilmercoledi\/news\/wp-json\/wp\/v2\/types\/post"}],"author":[{"embeddable":true,"href":"https:\/\/www.ilmercoledi.news\/ilmercoledi\/news\/wp-json\/wp\/v2\/users\/11"}],"replies":[{"embeddable":true,"href":"https:\/\/www.ilmercoledi.news\/ilmercoledi\/news\/wp-json\/wp\/v2\/comments?post=53900"}],"version-history":[{"count":1,"href":"https:\/\/www.ilmercoledi.news\/ilmercoledi\/news\/wp-json\/wp\/v2\/posts\/53900\/revisions"}],"predecessor-version":[{"id":66223,"href":"https:\/\/www.ilmercoledi.news\/ilmercoledi\/news\/wp-json\/wp\/v2\/posts\/53900\/revisions\/66223"}],"wp:featuredmedia":[{"embeddable":true,"href":"https:\/\/www.ilmercoledi.news\/ilmercoledi\/news\/wp-json\/wp\/v2\/media\/53898"}],"wp:attachment":[{"href":"https:\/\/www.ilmercoledi.news\/ilmercoledi\/news\/wp-json\/wp\/v2\/media?parent=53900"}],"wp:term":[{"taxonomy":"category","embeddable":true,"href":"https:\/\/www.ilmercoledi.news\/ilmercoledi\/news\/wp-json\/wp\/v2\/categories?post=53900"},{"taxonomy":"post_tag","embeddable":true,"href":"https:\/\/www.ilmercoledi.news\/ilmercoledi\/news\/wp-json\/wp\/v2\/tags?post=53900"},{"taxonomy":"news-destination","embeddable":true,"href":"https:\/\/www.ilmercoledi.news\/ilmercoledi\/news\/wp-json\/wp\/v2\/news-destination?post=53900"},{"taxonomy":"news-source","embeddable":true,"href":"https:\/\/www.ilmercoledi.news\/ilmercoledi\/news\/wp-json\/wp\/v2\/news-source?post=53900"},{"taxonomy":"is_homepage","embeddable":true,"href":"https:\/\/www.ilmercoledi.news\/ilmercoledi\/news\/wp-json\/wp\/v2\/is_homepage?post=53900"},{"taxonomy":"ta_other","embeddable":true,"href":"https:\/\/www.ilmercoledi.news\/ilmercoledi\/news\/wp-json\/wp\/v2\/ta_other?post=53900"}],"curies":[{"name":"wp","href":"https:\/\/api.w.org\/{rel}","templated":true}]}}