{"id":53904,"date":"2023-06-14T15:00:02","date_gmt":"2023-06-14T13:00:02","guid":{"rendered":"https:\/\/www-ilmercoledi-news-*.sitenm.com\/?p=53904"},"modified":"2024-08-29T03:42:07","modified_gmt":"2023-11-03T03:42:07","slug":"viabilita-per-chi-sogna-il-mare-della-liguria-tutta-lestate-ci-saranno-cantieri-nel-tratto-ligure","status":"publish","type":"post","link":"https:\/\/www.ilmercoledi.news\/2023\/06\/14\/viabilita-per-chi-sogna-il-mare-della-liguria-tutta-lestate-ci-saranno-cantieri-nel-tratto-ligure\/","title":{"rendered":"VIABILITA&#8217; &#8211; Per chi sogna il mare della Liguria tutta l&#8217;estate ci saranno cantieri nel tratto ligure"},"content":{"rendered":"<p>Sar\u00e0 difficile arrivare al mare per tutta l&#8217;estate per chi parte da Torino e provincia. Autostrada dei Fiori ha comunicato che, fino al prossimo 10 settembre 2023, sulla tratta piemontese della Torino-Savona nei fine settimana saranno rimossi tutti i cantieri che prevedono riduzione del numero di corsie transitabili.<\/p>\n<p>Per quanto riguarda, invece, la tratta ligure, rimarranno attivi anche nei fine settimana i seguenti cantieri:<\/p>\n<p>\u2022 riduzione a 1 corsia di marcia (lunghezza: circa 3 km) tra gli svincoli di Ceva e Millesimo in direzione Savona per interventi di miglioramento sismico dei viadotti San Bernardo, Tana e Surie;<\/p>\n<p>\u2022 riduzione a 1 corsia di marcia tra il casello di Millesimo e quello di Altare in direzione Savona per interventi di miglioramento sismico dei viadotti Moia, Strette I e Strette II (1\u00b0 cantiere, lunghezza 1 km) e Bormida di Pallare e Ponte Bottazzo Mulino (2\u00b0 cantiere, lunghezza circa 3 km);<\/p>\n<p>\u2022 scambio di carreggiata tra Altare e Savona in direzione Savona (lunghezza: circa 9 km) per interventi di miglioramento sismico di 13 viadotti. Per questo scambio di carreggiata nei fine settimana Autostrada dei Fiori garantir\u00e0 due corsie di marcia in direzione Savona dalle 14 del venerd\u00ec alle 12.00 di domenica e due corsie di marcia in direzione Torino dalle 14 di domenica alle 12.00 del luned\u00ec successivo.<\/p>\n<p>I viadotti attualmente interessati da lavori di ammodernamento lungo la A6 Torino \u2013 Savona sono venti e per nove di questi Autostrada dei Fiori sta provvedendo alla sostituzione degli impalcati.<\/p>\n","protected":false},"excerpt":{"rendered":"","protected":false},"author":11,"featured_media":24499,"comment_status":"open","ping_status":"closed","sticky":false,"template":"","format":"standard","meta":[],"categories":[34],"tags":[],"news-destination":[],"news-source":[],"is_homepage":[581],"ta_other":[],"_links":{"self":[{"href":"https:\/\/www.ilmercoledi.news\/ilmercoledi\/news\/wp-json\/wp\/v2\/posts\/53904"}],"collection":[{"href":"https:\/\/www.ilmercoledi.news\/ilmercoledi\/news\/wp-json\/wp\/v2\/posts"}],"about":[{"href":"https:\/\/www.ilmercoledi.news\/ilmercoledi\/news\/wp-json\/wp\/v2\/types\/post"}],"author":[{"embeddable":true,"href":"https:\/\/www.ilmercoledi.news\/ilmercoledi\/news\/wp-json\/wp\/v2\/users\/11"}],"replies":[{"embeddable":true,"href":"https:\/\/www.ilmercoledi.news\/ilmercoledi\/news\/wp-json\/wp\/v2\/comments?post=53904"}],"version-history":[{"count":1,"href":"https:\/\/www.ilmercoledi.news\/ilmercoledi\/news\/wp-json\/wp\/v2\/posts\/53904\/revisions"}],"predecessor-version":[{"id":66240,"href":"https:\/\/www.ilmercoledi.news\/ilmercoledi\/news\/wp-json\/wp\/v2\/posts\/53904\/revisions\/66240"}],"wp:featuredmedia":[{"embeddable":true,"href":"https:\/\/www.ilmercoledi.news\/ilmercoledi\/news\/wp-json\/wp\/v2\/media\/24499"}],"wp:attachment":[{"href":"https:\/\/www.ilmercoledi.news\/ilmercoledi\/news\/wp-json\/wp\/v2\/media?parent=53904"}],"wp:term":[{"taxonomy":"category","embeddable":true,"href":"https:\/\/www.ilmercoledi.news\/ilmercoledi\/news\/wp-json\/wp\/v2\/categories?post=53904"},{"taxonomy":"post_tag","embeddable":true,"href":"https:\/\/www.ilmercoledi.news\/ilmercoledi\/news\/wp-json\/wp\/v2\/tags?post=53904"},{"taxonomy":"news-destination","embeddable":true,"href":"https:\/\/www.ilmercoledi.news\/ilmercoledi\/news\/wp-json\/wp\/v2\/news-destination?post=53904"},{"taxonomy":"news-source","embeddable":true,"href":"https:\/\/www.ilmercoledi.news\/ilmercoledi\/news\/wp-json\/wp\/v2\/news-source?post=53904"},{"taxonomy":"is_homepage","embeddable":true,"href":"https:\/\/www.ilmercoledi.news\/ilmercoledi\/news\/wp-json\/wp\/v2\/is_homepage?post=53904"},{"taxonomy":"ta_other","embeddable":true,"href":"https:\/\/www.ilmercoledi.news\/ilmercoledi\/news\/wp-json\/wp\/v2\/ta_other?post=53904"}],"curies":[{"name":"wp","href":"https:\/\/api.w.org\/{rel}","templated":true}]}}