{"id":53939,"date":"2023-06-15T15:57:49","date_gmt":"2023-06-15T13:57:49","guid":{"rendered":"https:\/\/www-ilmercoledi-news-*.sitenm.com\/?p=53939"},"modified":"2024-08-29T03:42:07","modified_gmt":"2023-11-03T03:42:07","slug":"carmagnola-il-22-giugno-il-libro-del-mercoledi-eccezionalmente-di-giovedi-e-con-lattrice-giorgia-wurth","status":"publish","type":"post","link":"https:\/\/www.ilmercoledi.news\/2023\/06\/15\/carmagnola-il-22-giugno-il-libro-del-mercoledi-eccezionalmente-di-giovedi-e-con-lattrice-giorgia-wurth\/","title":{"rendered":"CARMAGNOLA &#8211; Il 22 giugno, \u00abIl libro del mercoled\u00ec\u00bb eccezionalmente di gioved\u00ec. E con l\u2019attrice Giorgia W\u00fcrth"},"content":{"rendered":"<p>Secondo appuntamento con IL LIBRO DEL MERCOLED\u00ec, che eccezionalmente avr\u00e0 luogo<br \/>\nsolo per questa settimana eccezionalmente di gioved\u00ec. Sempre nel cortile del castello<br \/>\ncomunale, in Via Silvio Pellico 5 alle ore 21:00.<br \/>\nL\u2019iniziativa si inserisce nell\u2019ambito del Mese della Cultura, la rassegna culturale organizzata<br \/>\ndall\u2019Assessorato alla Cultura del Comune di Carmagnola. Ingresso gratuito<br \/>\nGIOVED\u00ec 22 GIUGNO &#8211; Giorgia W\u00fcrth<br \/>\nLA SCRITTRICE<br \/>\nGiorgia W\u00fcrth nasce a Genova da mamma ligure e pap\u00e0 svizzero.<br \/>\nLaureata in Scienze della Comunicazione con una tesi sul cinema, inizia presto la sua carriera<br \/>\ndi attrice spaziando dal teatro (Antigone, Cecit\u00e0, Xanax, 100mq), al cinema (Ex, Maschi contro<br \/>\nfemmine, Sinestesia), alla televisione (Un medico in famiglia, Moana, Le tre rose di Eva,<br \/>\nRocco Schiavone).<br \/>\nConduce diversi programmi in radio (Radio 2, Rete Uno Radio Svizzera) e in tv (Voglio vivere<br \/>\ncos\u00ec \u2013 Sky, C\u2019\u00e8 posto per te \u2013 Arturo, IBand \u2013 La5) e scrive romanzi: Tutta da rifare (Fazi<br \/>\nEditore), L\u2019accarezzatrice (Mondadori), che presto diventer\u00e0 un film, IO LUI e altri effetti<br \/>\ncollaterali (self-publishing).<br \/>\nSalvatrice, presentato in anteprima alla Festa del Cinema di Roma e vincitore di un Nastro<br \/>\nD\u2019argento per Sandra Milo, \u00e8 il suo esordio alla regia.<br \/>\nIL LIBRO<br \/>\nMAMME SINGLE PER SCELTA<br \/>\nSe la maternit\u00e0 \u00e8 un viaggio, come dicono spesso scrittori e psicologi, quello affrontato dalle<br \/>\nmadri single per scelta \u00e8 una via di mezzo tra l\u2019Odissea e Pechino Express. Sono donne che<br \/>\nhanno percorso mezza Europa, scegliendo la via della procreazione medicalmente assistita in<br \/>\npaesi pi\u00f9 permissivi del nostro, attraversando al tempo stesso il territorio un po\u2019 impervio della<br \/>\npropria coscienza e lasciando in queste pagine l\u2019eredit\u00e0 di un\u2019esperienza preziosa per tutti<br \/>\ncoloro che desiderano capire, o che vorranno intraprendere lo stesso viaggio, confrontandosi<br \/>\ncon le possibilit\u00e0 della scienza e i labirinti normativi, la fragilit\u00e0 del corpo e la discriminazione di<br \/>\ncui \u00e8 ancora oggetto la famiglia non tradizionale, i dubbi e la solitudine. E la potenza<br \/>\ndell\u2019amore.<\/p>\n","protected":false},"excerpt":{"rendered":"","protected":false},"author":10,"featured_media":53938,"comment_status":"open","ping_status":"closed","sticky":false,"template":"","format":"standard","meta":[],"categories":[34,9],"tags":[],"news-destination":[],"news-source":[],"is_homepage":[581],"ta_other":[],"_links":{"self":[{"href":"https:\/\/www.ilmercoledi.news\/ilmercoledi\/news\/wp-json\/wp\/v2\/posts\/53939"}],"collection":[{"href":"https:\/\/www.ilmercoledi.news\/ilmercoledi\/news\/wp-json\/wp\/v2\/posts"}],"about":[{"href":"https:\/\/www.ilmercoledi.news\/ilmercoledi\/news\/wp-json\/wp\/v2\/types\/post"}],"author":[{"embeddable":true,"href":"https:\/\/www.ilmercoledi.news\/ilmercoledi\/news\/wp-json\/wp\/v2\/users\/10"}],"replies":[{"embeddable":true,"href":"https:\/\/www.ilmercoledi.news\/ilmercoledi\/news\/wp-json\/wp\/v2\/comments?post=53939"}],"version-history":[{"count":1,"href":"https:\/\/www.ilmercoledi.news\/ilmercoledi\/news\/wp-json\/wp\/v2\/posts\/53939\/revisions"}],"predecessor-version":[{"id":53964,"href":"https:\/\/www.ilmercoledi.news\/ilmercoledi\/news\/wp-json\/wp\/v2\/posts\/53939\/revisions\/53964"}],"wp:featuredmedia":[{"embeddable":true,"href":"https:\/\/www.ilmercoledi.news\/ilmercoledi\/news\/wp-json\/wp\/v2\/media\/53938"}],"wp:attachment":[{"href":"https:\/\/www.ilmercoledi.news\/ilmercoledi\/news\/wp-json\/wp\/v2\/media?parent=53939"}],"wp:term":[{"taxonomy":"category","embeddable":true,"href":"https:\/\/www.ilmercoledi.news\/ilmercoledi\/news\/wp-json\/wp\/v2\/categories?post=53939"},{"taxonomy":"post_tag","embeddable":true,"href":"https:\/\/www.ilmercoledi.news\/ilmercoledi\/news\/wp-json\/wp\/v2\/tags?post=53939"},{"taxonomy":"news-destination","embeddable":true,"href":"https:\/\/www.ilmercoledi.news\/ilmercoledi\/news\/wp-json\/wp\/v2\/news-destination?post=53939"},{"taxonomy":"news-source","embeddable":true,"href":"https:\/\/www.ilmercoledi.news\/ilmercoledi\/news\/wp-json\/wp\/v2\/news-source?post=53939"},{"taxonomy":"is_homepage","embeddable":true,"href":"https:\/\/www.ilmercoledi.news\/ilmercoledi\/news\/wp-json\/wp\/v2\/is_homepage?post=53939"},{"taxonomy":"ta_other","embeddable":true,"href":"https:\/\/www.ilmercoledi.news\/ilmercoledi\/news\/wp-json\/wp\/v2\/ta_other?post=53939"}],"curies":[{"name":"wp","href":"https:\/\/api.w.org\/{rel}","templated":true}]}}