{"id":53952,"date":"2023-06-19T07:24:21","date_gmt":"2023-06-19T05:24:21","guid":{"rendered":"https:\/\/www-ilmercoledi-news-*.sitenm.com\/?p=53952"},"modified":"2024-08-29T03:42:07","modified_gmt":"2023-11-03T03:42:07","slug":"moncalieri-gli-spazi-pubblici-aperti-per-lo-studio-estivo-citta","status":"publish","type":"post","link":"https:\/\/www.ilmercoledi.news\/2023\/06\/19\/moncalieri-gli-spazi-pubblici-aperti-per-lo-studio-estivo-citta\/","title":{"rendered":"MONCALIERI &#8211; Gli spazi pubblici aperti per lo studio estivo in citt\u00e0"},"content":{"rendered":"<p>La sessione esami e i compiti delle vacanze non sono un problema per gli studenti e le studentesse di Moncalieri. Da soli o in compagnia, all\u2019aperto o con l\u2019aria condizionata: ecco dove e quando studiare. \u201cPer i nostri giovani l\u2019estate non \u00e8 solo un periodo di spensieratezza e divertimento, gli studenti e le studentesse devono anche affrontare gli esami estivi e i compiti delle vacanze\u201d afferma l\u2019Assessore all\u2019Istruzione e alle Politiche per i Giovani Davide Guida. \u201cNella programmazione estiva di Moncalieri, oltre ai molti eventi previsti, abbiamo voluto trovare posto anche per lo studio e l\u2019aggregazione. Tanti studenti rimarranno in citt\u00e0 durante i caldi giorni estivi, come amministratori non vogliamo lasciare nessuno da solo\u201d. Gli spazi a disposizione sono:<\/p>\n<p>1. Aula Studio nel parco Bersaglieri &#8211; Via F. Turati 3, Moncalieri Orari di apertura: dal 13 giugno al 28 luglio e dal 28 agosto al 8 settembre 2023 | dal luned\u00ec al venerd\u00ec dalle 09:00 alle 12:30. L&#8217;Aula Studio Bersaglieri \u00e8 dotata di prese elettriche e connessione Wi-Fi per garantire un ambiente di studio efficiente. Accesso gratuito senza necessit\u00e0 di prenotazione.<\/p>\n<p>1. Aula Studio serale Vivere Moncalieri &#8211; Via Vittorio Alfieri, 40, Moncalieri Orari di apertura: dal luned\u00ec al gioved\u00ec, dalle 20:00 alle 24:00. L&#8217;Aula Studio Vivere Moncalieri offre prese elettriche, connessione Wi-Fi, un punto ristoro e un ambiente climatizzato. Inoltre, sono\u00a0disponibili sale studio di gruppo e spazi per incontri. Accesso gratuito senza necessit\u00e0 di prenotazione.<\/p>\n<p>2. Eduspazio Summer: uno spazio estivo pensato per gli studenti delle scuole medie presso i centri giovani della citt\u00e0. Offre un ambiente accogliente, dove fare i compiti e altre attivit\u00e0 in compagnia, con il supporto degli operatori di Moncalieri Giovane a. Eduspazio \u201cSonika\u201d- Strada Vignotto 23, Moncalieri Orari di apertura: marted\u00ec e gioved\u00ec, dalle 15:00 alle 18:00<\/p>\n<p>b. Eduspazio \u201cPoli\u201d \u2013 Polifunzionale don PG Ferrero, Via Santa Maria 27 bis, Moncalieri Orari di apertura: luned\u00ec, marted\u00ec e mercoled\u00ec, dalle 15:00 alle 18:00. Le attivit\u00e0 sono realizzate in collaborazione con l\u2019associazione Vivere Moncalieri, l\u2019associazione nazionale Bersaglieri sez. di Moncalieri e la cooperativa sociale Educazione Progetto.<\/p>\n","protected":false},"excerpt":{"rendered":"","protected":false},"author":11,"featured_media":23200,"comment_status":"open","ping_status":"closed","sticky":false,"template":"","format":"standard","meta":[],"categories":[34],"tags":[],"news-destination":[],"news-source":[],"is_homepage":[581],"ta_other":[],"_links":{"self":[{"href":"https:\/\/www.ilmercoledi.news\/ilmercoledi\/news\/wp-json\/wp\/v2\/posts\/53952"}],"collection":[{"href":"https:\/\/www.ilmercoledi.news\/ilmercoledi\/news\/wp-json\/wp\/v2\/posts"}],"about":[{"href":"https:\/\/www.ilmercoledi.news\/ilmercoledi\/news\/wp-json\/wp\/v2\/types\/post"}],"author":[{"embeddable":true,"href":"https:\/\/www.ilmercoledi.news\/ilmercoledi\/news\/wp-json\/wp\/v2\/users\/11"}],"replies":[{"embeddable":true,"href":"https:\/\/www.ilmercoledi.news\/ilmercoledi\/news\/wp-json\/wp\/v2\/comments?post=53952"}],"version-history":[{"count":1,"href":"https:\/\/www.ilmercoledi.news\/ilmercoledi\/news\/wp-json\/wp\/v2\/posts\/53952\/revisions"}],"predecessor-version":[{"id":66244,"href":"https:\/\/www.ilmercoledi.news\/ilmercoledi\/news\/wp-json\/wp\/v2\/posts\/53952\/revisions\/66244"}],"wp:featuredmedia":[{"embeddable":true,"href":"https:\/\/www.ilmercoledi.news\/ilmercoledi\/news\/wp-json\/wp\/v2\/media\/23200"}],"wp:attachment":[{"href":"https:\/\/www.ilmercoledi.news\/ilmercoledi\/news\/wp-json\/wp\/v2\/media?parent=53952"}],"wp:term":[{"taxonomy":"category","embeddable":true,"href":"https:\/\/www.ilmercoledi.news\/ilmercoledi\/news\/wp-json\/wp\/v2\/categories?post=53952"},{"taxonomy":"post_tag","embeddable":true,"href":"https:\/\/www.ilmercoledi.news\/ilmercoledi\/news\/wp-json\/wp\/v2\/tags?post=53952"},{"taxonomy":"news-destination","embeddable":true,"href":"https:\/\/www.ilmercoledi.news\/ilmercoledi\/news\/wp-json\/wp\/v2\/news-destination?post=53952"},{"taxonomy":"news-source","embeddable":true,"href":"https:\/\/www.ilmercoledi.news\/ilmercoledi\/news\/wp-json\/wp\/v2\/news-source?post=53952"},{"taxonomy":"is_homepage","embeddable":true,"href":"https:\/\/www.ilmercoledi.news\/ilmercoledi\/news\/wp-json\/wp\/v2\/is_homepage?post=53952"},{"taxonomy":"ta_other","embeddable":true,"href":"https:\/\/www.ilmercoledi.news\/ilmercoledi\/news\/wp-json\/wp\/v2\/ta_other?post=53952"}],"curies":[{"name":"wp","href":"https:\/\/api.w.org\/{rel}","templated":true}]}}