{"id":54062,"date":"2023-06-21T15:04:06","date_gmt":"2023-06-21T13:04:06","guid":{"rendered":"https:\/\/www-ilmercoledi-news-*.sitenm.com\/?p=54062"},"modified":"2024-08-29T03:42:05","modified_gmt":"2023-11-03T03:42:05","slug":"regione-terminata-la-missione-della-colonna-mobile-di-protezione-civile-del-piemonte-romagna","status":"publish","type":"post","link":"https:\/\/www.ilmercoledi.news\/2023\/06\/21\/regione-terminata-la-missione-della-colonna-mobile-di-protezione-civile-del-piemonte-romagna\/","title":{"rendered":"REGIONE &#8211; Terminata la missione della Colonna mobile di Protezione civile del Piemonte in Romagna"},"content":{"rendered":"<p>\u00c8\u00a0terminata\u00a0dopo un mese\u00a0la missione della Colonna mobile di Protezione civile del Piemonte in Romagna.<\/p>\n<p>Tra il 16 maggio e il 17 giugno hanno prestato servizio, suddivisi in cinque turni,\u00a0oltre 400 fra uomini e donne\u00a0del Coordinamento regionale del volontariato di Protezione civile, del Corpo AIB Antincendi boschivi, dell\u2019Associazione nazionale carabinieri e dell\u2019Associazione nazionale alpini. Sempre presenti i funzionari del settore regionale, che hanno gestito i rapporti con le istituzioni locali.<\/p>\n<p>Il presidente della Regione\u00a0Alberto Cirio\u00a0e l\u2019assessore alla Protezione civile\u00a0Marco Gabusi\u00a0rivolgono un\u00a0sentito ringraziamento a tutti i volontari: \u201cCome il Piemonte ha sempre ricevuto solidariet\u00e0 e sostegno quando \u00e8 stato colpito dalle alluvioni degli scorsi anni, a sua volta \u00e8 sempre pronto a mettere a disposizione la sua Protezione civile e le competenze dei suoi volontari ogni volta che qualcuno ha bisogno di aiuto e soccorso. Ed \u00e8 quanto \u00e8 stato fatto con impegno e professionalit\u00e0 per soccorrere la gente della Romagna\u201d.<\/p>\n<p>I volontari sono stati impiegati a Molinella, Budrio, Russi, Solarolo, Ravenna e Faenza in molteplici attivit\u00e0, come la realizzazione di sacchetti antiesondazione, la rimozione di fango e masserizie mediante macchine operatrici, lo svuotamento di sottopassi e locali interrati, il lavaggio delle aree con moduli ad alta pressione, il pompaggio su canali e corsi d\u2019acqua mediante idrovore ad alta capacit\u00e0 di pompaggio (queste ultime facenti parte del modulo piemontese certificato nel Meccanismo Unionale di Protezione civile europeo).<\/p>\n<p>Rimane ancora in corso l\u2019attivit\u00e0 di recupero, pulizia e conservazione dei beni culturali cartacei presso l\u2019archivio storico della Citta di Forl\u00ec, a cura dell&#8217;associazione Chief (Cultural Heritage International Emergency Force) attivata dalla Regione Piemonte sotto la supervisione del Ministero dei Beni culturali.<\/p>\n<ul>\n<li><\/li>\n<\/ul>\n","protected":false},"excerpt":{"rendered":"","protected":false},"author":11,"featured_media":12033,"comment_status":"open","ping_status":"closed","sticky":false,"template":"","format":"standard","meta":[],"categories":[34],"tags":[],"news-destination":[],"news-source":[],"is_homepage":[581],"ta_other":[],"_links":{"self":[{"href":"https:\/\/www.ilmercoledi.news\/ilmercoledi\/news\/wp-json\/wp\/v2\/posts\/54062"}],"collection":[{"href":"https:\/\/www.ilmercoledi.news\/ilmercoledi\/news\/wp-json\/wp\/v2\/posts"}],"about":[{"href":"https:\/\/www.ilmercoledi.news\/ilmercoledi\/news\/wp-json\/wp\/v2\/types\/post"}],"author":[{"embeddable":true,"href":"https:\/\/www.ilmercoledi.news\/ilmercoledi\/news\/wp-json\/wp\/v2\/users\/11"}],"replies":[{"embeddable":true,"href":"https:\/\/www.ilmercoledi.news\/ilmercoledi\/news\/wp-json\/wp\/v2\/comments?post=54062"}],"version-history":[{"count":1,"href":"https:\/\/www.ilmercoledi.news\/ilmercoledi\/news\/wp-json\/wp\/v2\/posts\/54062\/revisions"}],"predecessor-version":[{"id":66170,"href":"https:\/\/www.ilmercoledi.news\/ilmercoledi\/news\/wp-json\/wp\/v2\/posts\/54062\/revisions\/66170"}],"wp:featuredmedia":[{"embeddable":true,"href":"https:\/\/www.ilmercoledi.news\/ilmercoledi\/news\/wp-json\/wp\/v2\/media\/12033"}],"wp:attachment":[{"href":"https:\/\/www.ilmercoledi.news\/ilmercoledi\/news\/wp-json\/wp\/v2\/media?parent=54062"}],"wp:term":[{"taxonomy":"category","embeddable":true,"href":"https:\/\/www.ilmercoledi.news\/ilmercoledi\/news\/wp-json\/wp\/v2\/categories?post=54062"},{"taxonomy":"post_tag","embeddable":true,"href":"https:\/\/www.ilmercoledi.news\/ilmercoledi\/news\/wp-json\/wp\/v2\/tags?post=54062"},{"taxonomy":"news-destination","embeddable":true,"href":"https:\/\/www.ilmercoledi.news\/ilmercoledi\/news\/wp-json\/wp\/v2\/news-destination?post=54062"},{"taxonomy":"news-source","embeddable":true,"href":"https:\/\/www.ilmercoledi.news\/ilmercoledi\/news\/wp-json\/wp\/v2\/news-source?post=54062"},{"taxonomy":"is_homepage","embeddable":true,"href":"https:\/\/www.ilmercoledi.news\/ilmercoledi\/news\/wp-json\/wp\/v2\/is_homepage?post=54062"},{"taxonomy":"ta_other","embeddable":true,"href":"https:\/\/www.ilmercoledi.news\/ilmercoledi\/news\/wp-json\/wp\/v2\/ta_other?post=54062"}],"curies":[{"name":"wp","href":"https:\/\/api.w.org\/{rel}","templated":true}]}}