{"id":54081,"date":"2023-06-22T12:53:14","date_gmt":"2023-06-22T10:53:14","guid":{"rendered":"https:\/\/www-ilmercoledi-news-*.sitenm.com\/?p=54081"},"modified":"2024-08-29T03:42:05","modified_gmt":"2023-11-03T03:42:05","slug":"carmagnola-notte-bianca-via-torino-il-1-luglio","status":"publish","type":"post","link":"https:\/\/www.ilmercoledi.news\/2023\/06\/22\/carmagnola-notte-bianca-via-torino-il-1-luglio\/","title":{"rendered":"CARMAGNOLA &#8211; Notte bianca in via Torino il 1 luglio"},"content":{"rendered":"<p>Sabato 1\u00b0 luglio 2023 a partire dalle ore 20:30 via Torino a Carmagnola diventer\u00e0 scenario di una grande festa a cielo aperto\u00a0con mercatini, prodotti tipici, intrattenimenti vari, giochi, musica e balli per tutte le et\u00e0, animazioni e spettacoli che prevedono la finale regionale del concorso Miss Principessa d\u2019Europa, spettacolo del comico Davide D\u2019Urso da Colorado e Dj-set dance music con Marco Marzi &amp; Marco Skarica.<\/p>\n<p>I negozi saranno aperti e i locali della via principale e delle vie limitrofe proporranno cene, degustazioni e piatti da asporto\u00a0insieme a varie animazioni musicali ed artistiche.<\/p>\n<p>L\u2019evento viene organizzato dall\u2019Ufficio Manifestazioni del Comune di Carmagnola, in collaborazione con la Pro Loco, con la SOMS Domenico Ferrero, con il sostegno della Banca Territori del Monviso, di diverse aziende del territorio e di vari esercizi commerciali della via.<\/p>\n<p>Domenico La Mura, Assessore alle Manifestazioni della Citt\u00e0 di Carmagnola dichiara:\u00a0\u201cAbbiamo preso la decisione di riproporre questo evento in seguito al grande successo ottenuto lo scorso anno. Siamo felici di offrire con questa iniziativa un sostegno significativo al commercio locale, in particolare alle attivit\u00e0 periferiche, e di rafforzare il legame tra la comunit\u00e0 e questa importantissima arteria cittadina. Con l&#8217;intera strada chiusa al traffico, i residenti e i visitatori potranno vivere un&#8217;esperienza straordinaria, rinnovando l&#8217;entusiasmo e il senso di comunit\u00e0 che abbiamo vissuto nella prima edizione.\u201d<\/p>\n<p>Il Sindaco Ivana Gaveglio commenta:\u00a0\u201cDesidero ringraziare di cuore tutti coloro che collaborano all\u2019organizzazione e tutti coloro che, grazie al loro sostegno, rendono realizzabile questa grande opportunit\u00e0 di divertimento e socializzazione\u201d<\/p>\n<p>Gli intrattenimenti principali prevedono cabaret, un importante concorso di bellezza e dj-set.<\/p>\n<p>Sul palco montato all\u2019altezza del numero 23 di Via Torino\u00a0la serata verr\u00e0 aperta e chiusa da\u00a0Radio Vida Network di Carmagnola con intrattenimento e giochi\u00a0a quiz\u00a0all\u2019inizio e\u00a0dj set anni 70-80-90\u00a0alla fine.<\/p>\n<p>Alle ore 22:30 inizier\u00e0 lo\u00a0spettacolo di cabaret di Davide D\u2019Urso, giovane attore comico torinese che si \u00e8 fatto conoscere al grande pubblico grazie ai suoi monologhi e ai suoi personaggi nella trasmissione televisiva Colorado. Il suo spettacolo \u00e8 un mix di cabaret e magia, condito da una vena di sana follia giovanile che stupir\u00e0 e divertir\u00e0 un pubblico di tutte le et\u00e0.<\/p>\n<p>La\u00a0piazzetta Di Vittorio\u00a0si trasformer\u00e0 inizialmente in un\u00a0set fashion\u00a0e a seguire in una\u00a0discoteca a cielo aperto.<\/p>\n<p>Dalle ore 20:00 prender\u00e0 il via la finale regionale di Miss Principessa D\u2019Europa\u00a0a cura di Filippo Scicolone e con il sostegno degli esercizi commerciali di Via Torino.<\/p>\n<p>Il concorso di bellezza numero uno in Italia \u00e8 uno dei quattro concorsi nella Top 5 del CIP Coordinamento Italiano Professionisti Moda e Spettacolo, gi\u00e0 partner di contest internazionali come Miss Super Talent, Miss International (il contest n.1 al mondo) e Miss Europe International.<\/p>\n<p>Le miss elette da Miss Principessa d&#8217;Europa, spesso sono rappresentanti italiane in concorsi mondiali, con oltre 50 milioni di contatti generati ogni anno. Nei 12 mesi di selezioni, sono oltre 3000 le concorrenti che ogni anno si sfidano per arrivare alla finalissima di Rimini, che ad ogni settembre, permette a sole 100 miss di presenziare sul red carpet dell&#8217;Altromondo Studios che per l&#8217;occasione diventa uno studio televisivo.<\/p>\n<p>Durante l&#8217;anno, molte delle miss in gara, anche se non arrivate alla finalissima nazionale, vengono convocate ad iniziative televisive, reality, sfilate di moda, realizzazione di calendari ed eventi VI.<\/p>\n<p>Dalle ore 22 prender\u00e0 il via il\u00a0Dj-set di dance music con Marco Marzi &amp; Marco Skarica\u00a0a cura del Barcelona Cocktail Bar. Djs e produttori musicali da vent\u2019anni presenti sul panorama nazionale i due Marco spaziano dalla dance al pop, hanno all\u2019attivo singoli, compilation e collaborazioni importanti, tra cui quelle con Dj Matrix e diverse produzioni ballate nella trasmissione \u201cAmici di Maria de Filippi\u201d. Hanno contribuito con un brano alla colonna sonora del film \u201cManhunt\u201d del regista John Woo (Leone d\u2019oro alla carriera al Festival del Cinema di Venezia). Alcune delle ospitate radiotelevisive pi\u00f9 interessanti sono state \u201cMarkette\u201d con Piero Chiambretti su La7 e \u201cLo Zoo di 105\u201d.<\/p>\n<p>Le numerose iniziative prevedono inoltre una\u00a0sfilata di moda\u00a0e il\u00a0concerto dei Grigi per Caso \u201cAnni \u201860 e dintorni\u201d, un\u00a0mercatino degli hobbisti di Gloria\u00a0, un\u00a0mercatino delle eccellenze del territorio con degustazioni\u00a0a cura della SOMS Domenico Ferrero,\u00a0gonfiabili,\u00a0zucchero filato,\u00a0videogames,\u00a0fumetti,\u00a0giochi\u00a0e gadget per bambini,\u00a0gokart a pedali per piccini e adulti,\u00a0balli in piazza\u00a0con la scuola di ballo Mambo Jambo Dance,\u00a0esibizioni di Karate\u00a0a cura della ASD Olimpia Karate &amp; Arti Marziali,\u00a0esibizioni di Kick Boxing\u00a0a cura della ASD Gymnasium Kick Boxing e\u00a0truccabimbi\u00a0a cura della Croce Rossa Italiana delegazione di Carmagnola.<\/p>\n","protected":false},"excerpt":{"rendered":"","protected":false},"author":11,"featured_media":54080,"comment_status":"open","ping_status":"closed","sticky":false,"template":"","format":"standard","meta":[],"categories":[34],"tags":[],"news-destination":[],"news-source":[],"is_homepage":[581],"ta_other":[],"_links":{"self":[{"href":"https:\/\/www.ilmercoledi.news\/ilmercoledi\/news\/wp-json\/wp\/v2\/posts\/54081"}],"collection":[{"href":"https:\/\/www.ilmercoledi.news\/ilmercoledi\/news\/wp-json\/wp\/v2\/posts"}],"about":[{"href":"https:\/\/www.ilmercoledi.news\/ilmercoledi\/news\/wp-json\/wp\/v2\/types\/post"}],"author":[{"embeddable":true,"href":"https:\/\/www.ilmercoledi.news\/ilmercoledi\/news\/wp-json\/wp\/v2\/users\/11"}],"replies":[{"embeddable":true,"href":"https:\/\/www.ilmercoledi.news\/ilmercoledi\/news\/wp-json\/wp\/v2\/comments?post=54081"}],"version-history":[{"count":1,"href":"https:\/\/www.ilmercoledi.news\/ilmercoledi\/news\/wp-json\/wp\/v2\/posts\/54081\/revisions"}],"predecessor-version":[{"id":66184,"href":"https:\/\/www.ilmercoledi.news\/ilmercoledi\/news\/wp-json\/wp\/v2\/posts\/54081\/revisions\/66184"}],"wp:featuredmedia":[{"embeddable":true,"href":"https:\/\/www.ilmercoledi.news\/ilmercoledi\/news\/wp-json\/wp\/v2\/media\/54080"}],"wp:attachment":[{"href":"https:\/\/www.ilmercoledi.news\/ilmercoledi\/news\/wp-json\/wp\/v2\/media?parent=54081"}],"wp:term":[{"taxonomy":"category","embeddable":true,"href":"https:\/\/www.ilmercoledi.news\/ilmercoledi\/news\/wp-json\/wp\/v2\/categories?post=54081"},{"taxonomy":"post_tag","embeddable":true,"href":"https:\/\/www.ilmercoledi.news\/ilmercoledi\/news\/wp-json\/wp\/v2\/tags?post=54081"},{"taxonomy":"news-destination","embeddable":true,"href":"https:\/\/www.ilmercoledi.news\/ilmercoledi\/news\/wp-json\/wp\/v2\/news-destination?post=54081"},{"taxonomy":"news-source","embeddable":true,"href":"https:\/\/www.ilmercoledi.news\/ilmercoledi\/news\/wp-json\/wp\/v2\/news-source?post=54081"},{"taxonomy":"is_homepage","embeddable":true,"href":"https:\/\/www.ilmercoledi.news\/ilmercoledi\/news\/wp-json\/wp\/v2\/is_homepage?post=54081"},{"taxonomy":"ta_other","embeddable":true,"href":"https:\/\/www.ilmercoledi.news\/ilmercoledi\/news\/wp-json\/wp\/v2\/ta_other?post=54081"}],"curies":[{"name":"wp","href":"https:\/\/api.w.org\/{rel}","templated":true}]}}