{"id":54117,"date":"2023-06-26T14:07:09","date_gmt":"2023-06-26T12:07:09","guid":{"rendered":"https:\/\/www-ilmercoledi-news-*.sitenm.com\/?p=54117"},"modified":"2024-08-29T03:42:05","modified_gmt":"2023-11-03T03:42:05","slug":"moncalieri-una-panchina-del-respiro-per-la-ricerca-sulla-fibrosi-cistica","status":"publish","type":"post","link":"https:\/\/www.ilmercoledi.news\/2023\/06\/26\/moncalieri-una-panchina-del-respiro-per-la-ricerca-sulla-fibrosi-cistica\/","title":{"rendered":"MONCALIERI &#8211; Una &#8216;Panchina del respiro&#8217; per la ricerca sulla Fibrosi Cistica"},"content":{"rendered":"<p>Luned\u00ec 26 giugno, trenta giovani partecipanti al progetto di ecologia urbana Piazza Ragazzabile hanno presentato &#8220;La Panchina del Respiro&#8221;, l&#8217;iniziativa che testimonia l\u2019impegno della Citt\u00e0 a sostegno della ricerca sulla Fibrosi Cistica. In collaborazione con la\u00a0Fondazione per la Ricerca sulla Fibrosi Cistica, l&#8217;evento ha dimostrato la solidariet\u00e0 e la\u00a0volont\u00e0 dei giovani di fare la differenza nella lotta contro la malattia genetica grave pi\u00f9 diffusa\u00a0in Europa.<\/p>\n<p>&#8220;L&#8217;inaugurazione de &#8216;La Panchina del Respiro&#8217; rappresenta un importante passo avanti nel coinvolgimento dei nostri giovani su temi importanti e complessi&#8221;, afferma l&#8217;Assessore alle Politiche per i Giovani, Davide Guida. &#8220;I partecipanti a Piazza Ragazzabile sono giovani\u00a0attivi e interessati al bene comune e non possiamo che essere orgogliosi del loro impegno e del loro desiderio di fare la differenza.\u201d<\/p>\n<p>La Fondazione per la Ricerca sulla Fibrosi Cistica \u00e8 un punto di riferimento italiano per il suo impegno nel finanziamento di progetti di ricerca volti a trovare una cura per questa malattia attraverso il sostegno finanziario, la sensibilizzazione e la collaborazione con ricercatori e istituzioni. La fondazione si adopera, in particolar modo, per migliorare la qualit\u00e0 di vita delle persone affette da Fibrosi Cistica. Piazza Ragazzabile \u00e8, invece, il progetto di MoncalieriGiovane che, ogni estate, coinvolge gli studenti in attivit\u00e0 di riqualificazione urbana: ragazzi e ragazzi che ogni anno lasciano un\u00a0segno concreto del loro passaggio, un\u2019occasione per prendersi cura della citt\u00e0 e formarsi sui temi ecologici.<\/p>\n<p>Molte iniziative sono \u201cdi passaggio\u201d ma la Panchina del Respiro, frutto dell\u2019unione tra l\u2019impegno dei giovani, coordinati dall\u2019ufficio MoncalieriGiovane, e la Fondazione per la Ricerca sulla Fibrosi Cistica, rimarr\u00e0 l\u00ec, in corso Roma 39, a ricordare che la lotta contro le\u00a0malattie rare richiede l\u2019impegno di tutti e di ciascuno.<\/p>\n","protected":false},"excerpt":{"rendered":"","protected":false},"author":11,"featured_media":54116,"comment_status":"open","ping_status":"closed","sticky":false,"template":"","format":"standard","meta":[],"categories":[34],"tags":[],"news-destination":[],"news-source":[],"is_homepage":[581],"ta_other":[],"_links":{"self":[{"href":"https:\/\/www.ilmercoledi.news\/ilmercoledi\/news\/wp-json\/wp\/v2\/posts\/54117"}],"collection":[{"href":"https:\/\/www.ilmercoledi.news\/ilmercoledi\/news\/wp-json\/wp\/v2\/posts"}],"about":[{"href":"https:\/\/www.ilmercoledi.news\/ilmercoledi\/news\/wp-json\/wp\/v2\/types\/post"}],"author":[{"embeddable":true,"href":"https:\/\/www.ilmercoledi.news\/ilmercoledi\/news\/wp-json\/wp\/v2\/users\/11"}],"replies":[{"embeddable":true,"href":"https:\/\/www.ilmercoledi.news\/ilmercoledi\/news\/wp-json\/wp\/v2\/comments?post=54117"}],"version-history":[{"count":1,"href":"https:\/\/www.ilmercoledi.news\/ilmercoledi\/news\/wp-json\/wp\/v2\/posts\/54117\/revisions"}],"predecessor-version":[{"id":66184,"href":"https:\/\/www.ilmercoledi.news\/ilmercoledi\/news\/wp-json\/wp\/v2\/posts\/54117\/revisions\/66184"}],"wp:featuredmedia":[{"embeddable":true,"href":"https:\/\/www.ilmercoledi.news\/ilmercoledi\/news\/wp-json\/wp\/v2\/media\/54116"}],"wp:attachment":[{"href":"https:\/\/www.ilmercoledi.news\/ilmercoledi\/news\/wp-json\/wp\/v2\/media?parent=54117"}],"wp:term":[{"taxonomy":"category","embeddable":true,"href":"https:\/\/www.ilmercoledi.news\/ilmercoledi\/news\/wp-json\/wp\/v2\/categories?post=54117"},{"taxonomy":"post_tag","embeddable":true,"href":"https:\/\/www.ilmercoledi.news\/ilmercoledi\/news\/wp-json\/wp\/v2\/tags?post=54117"},{"taxonomy":"news-destination","embeddable":true,"href":"https:\/\/www.ilmercoledi.news\/ilmercoledi\/news\/wp-json\/wp\/v2\/news-destination?post=54117"},{"taxonomy":"news-source","embeddable":true,"href":"https:\/\/www.ilmercoledi.news\/ilmercoledi\/news\/wp-json\/wp\/v2\/news-source?post=54117"},{"taxonomy":"is_homepage","embeddable":true,"href":"https:\/\/www.ilmercoledi.news\/ilmercoledi\/news\/wp-json\/wp\/v2\/is_homepage?post=54117"},{"taxonomy":"ta_other","embeddable":true,"href":"https:\/\/www.ilmercoledi.news\/ilmercoledi\/news\/wp-json\/wp\/v2\/ta_other?post=54117"}],"curies":[{"name":"wp","href":"https:\/\/api.w.org\/{rel}","templated":true}]}}