{"id":54162,"date":"2023-06-27T15:07:13","date_gmt":"2023-06-27T13:07:13","guid":{"rendered":"https:\/\/www-ilmercoledi-news-*.sitenm.com\/?p=54162"},"modified":"2024-08-29T03:42:04","modified_gmt":"2023-11-03T03:42:04","slug":"villastellone-aperte-le-iscrizioni-per-piazza-ragazzabile-20230627-1307-131790","status":"publish","type":"post","link":"https:\/\/www.ilmercoledi.news\/2023\/06\/27\/villastellone-aperte-le-iscrizioni-per-piazza-ragazzabile-20230627-1307-131790\/","title":{"rendered":"VILLASTELLONE &#8211; Aperte le iscrizioni per piazza ragazzabile"},"content":{"rendered":"<p>Fino al 6 luglio sono aperte le iscrizioni a Villastellone per \u201cPiazza Ragazzabile \u2013 edizione 2023\u201d per i ragazzi in et\u00e0 14-17 anni. l\u2019attivit\u00e0 si svolger\u00e0 nel periodo dal 10 al 28 luglio, dal lun. al ven., dalle ore 9 alle ore 12. \u00c8 possibile iscriversi scaricando la domanda di iscrizione e inviarla all\u2019indirizzo e-mail: info@comune.villastellone.to.it allegando copia di carta di identit\u00e0 e tessera sanitaria del partecipante e di un genitore oppure consegnandola direttamente presso ufficio protocollo del comune (1\u00b0 piano) dal lun. al ven. dalle ore 10 alle ore 12 e dalle ore 15 alle ore 16.<\/p>\n","protected":false},"excerpt":{"rendered":"","protected":false},"author":11,"featured_media":54161,"comment_status":"open","ping_status":"closed","sticky":false,"template":"","format":"standard","meta":[],"categories":[34],"tags":[],"news-destination":[],"news-source":[],"is_homepage":[581],"ta_other":[],"_links":{"self":[{"href":"https:\/\/www.ilmercoledi.news\/ilmercoledi\/news\/wp-json\/wp\/v2\/posts\/54162"}],"collection":[{"href":"https:\/\/www.ilmercoledi.news\/ilmercoledi\/news\/wp-json\/wp\/v2\/posts"}],"about":[{"href":"https:\/\/www.ilmercoledi.news\/ilmercoledi\/news\/wp-json\/wp\/v2\/types\/post"}],"author":[{"embeddable":true,"href":"https:\/\/www.ilmercoledi.news\/ilmercoledi\/news\/wp-json\/wp\/v2\/users\/11"}],"replies":[{"embeddable":true,"href":"https:\/\/www.ilmercoledi.news\/ilmercoledi\/news\/wp-json\/wp\/v2\/comments?post=54162"}],"version-history":[{"count":1,"href":"https:\/\/www.ilmercoledi.news\/ilmercoledi\/news\/wp-json\/wp\/v2\/posts\/54162\/revisions"}],"predecessor-version":[{"id":66071,"href":"https:\/\/www.ilmercoledi.news\/ilmercoledi\/news\/wp-json\/wp\/v2\/posts\/54162\/revisions\/66071"}],"wp:featuredmedia":[{"embeddable":true,"href":"https:\/\/www.ilmercoledi.news\/ilmercoledi\/news\/wp-json\/wp\/v2\/media\/54161"}],"wp:attachment":[{"href":"https:\/\/www.ilmercoledi.news\/ilmercoledi\/news\/wp-json\/wp\/v2\/media?parent=54162"}],"wp:term":[{"taxonomy":"category","embeddable":true,"href":"https:\/\/www.ilmercoledi.news\/ilmercoledi\/news\/wp-json\/wp\/v2\/categories?post=54162"},{"taxonomy":"post_tag","embeddable":true,"href":"https:\/\/www.ilmercoledi.news\/ilmercoledi\/news\/wp-json\/wp\/v2\/tags?post=54162"},{"taxonomy":"news-destination","embeddable":true,"href":"https:\/\/www.ilmercoledi.news\/ilmercoledi\/news\/wp-json\/wp\/v2\/news-destination?post=54162"},{"taxonomy":"news-source","embeddable":true,"href":"https:\/\/www.ilmercoledi.news\/ilmercoledi\/news\/wp-json\/wp\/v2\/news-source?post=54162"},{"taxonomy":"is_homepage","embeddable":true,"href":"https:\/\/www.ilmercoledi.news\/ilmercoledi\/news\/wp-json\/wp\/v2\/is_homepage?post=54162"},{"taxonomy":"ta_other","embeddable":true,"href":"https:\/\/www.ilmercoledi.news\/ilmercoledi\/news\/wp-json\/wp\/v2\/ta_other?post=54162"}],"curies":[{"name":"wp","href":"https:\/\/api.w.org\/{rel}","templated":true}]}}