{"id":54372,"date":"2023-07-10T07:38:38","date_gmt":"2023-07-10T05:38:38","guid":{"rendered":"https:\/\/www-ilmercoledi-news-*.sitenm.com\/?p=54372"},"modified":"2024-08-29T03:42:03","modified_gmt":"2023-11-03T03:42:03","slug":"carmagnola-lestate-dei-giovani-di-salsasio-con-la-parrocchia-lisbona-per-la-giornata-mondiale-della-gioventu","status":"publish","type":"post","link":"https:\/\/www.ilmercoledi.news\/2023\/07\/10\/carmagnola-lestate-dei-giovani-di-salsasio-con-la-parrocchia-lisbona-per-la-giornata-mondiale-della-gioventu\/","title":{"rendered":"CARMAGNOLA &#8211; L&#8217;estate dei giovani di Salsasio con la parrocchia a Lisbona per la giornata mondiale della giovent\u00f9"},"content":{"rendered":"<p>Anche a Salsasio, frazione di Carmagnola, \u00e8 iniziata l&#8217;estate ragazzi che durer\u00e0 fino al 14 luglio e che si svolge nell\u2019oratorio in via Novara 102 con attivit\u00e0 per i bambini e ragazzi dalla prima elementare alla seconda superiore.<\/p>\n<p>Il campo estivo organizzato dai giovani della Parrocchia di Salsasio si svolger\u00e0 invece in tre gruppi. I mini, dall\u2019ultimo anno dell\u2019asilo alla seconda elementare, vivranno un piccolo campo in oratorio a Salsasio dal 28 al 30 agosto. I fanta, dalla terza elementare alla quinta, vivranno il campo dalle suore di San Michele dal 28 agosto al primo settembre, mentre le trib\u00f9 dalla prima media alla seconda superiore svolgeranno il campo estivo sempre dal 28 agosto al primo settembre e sempre dalle suore di san Michele, ma in tenda. Nell\u2019estate i giovani della Parrocchia di Salsasio inoltre parteciperanno alla Giornata Mondiale della Giovent\u00f9 a Lisbona.<\/p>\n<p>I giovani hanno gi\u00e0 organizzato molte attivit\u00e0 durante l\u2019anno per poter raccogliere fondi per le spese legate alla GMG 2023. Tra queste la bellissima serata \u201cOratorio in concerto\u201d che si \u00e8 svolta il 6 maggio con molti cori presenti, tra cui quello di Salsasio e dei bambini dell\u2019oratorio e una chiesa strapiena di persone.<\/p>\n<p>&nbsp;<\/p>\n","protected":false},"excerpt":{"rendered":"","protected":false},"author":11,"featured_media":54371,"comment_status":"open","ping_status":"closed","sticky":false,"template":"","format":"standard","meta":[],"categories":[34],"tags":[],"news-destination":[],"news-source":[],"is_homepage":[581],"ta_other":[],"_links":{"self":[{"href":"https:\/\/www.ilmercoledi.news\/ilmercoledi\/news\/wp-json\/wp\/v2\/posts\/54372"}],"collection":[{"href":"https:\/\/www.ilmercoledi.news\/ilmercoledi\/news\/wp-json\/wp\/v2\/posts"}],"about":[{"href":"https:\/\/www.ilmercoledi.news\/ilmercoledi\/news\/wp-json\/wp\/v2\/types\/post"}],"author":[{"embeddable":true,"href":"https:\/\/www.ilmercoledi.news\/ilmercoledi\/news\/wp-json\/wp\/v2\/users\/11"}],"replies":[{"embeddable":true,"href":"https:\/\/www.ilmercoledi.news\/ilmercoledi\/news\/wp-json\/wp\/v2\/comments?post=54372"}],"version-history":[{"count":1,"href":"https:\/\/www.ilmercoledi.news\/ilmercoledi\/news\/wp-json\/wp\/v2\/posts\/54372\/revisions"}],"predecessor-version":[{"id":66020,"href":"https:\/\/www.ilmercoledi.news\/ilmercoledi\/news\/wp-json\/wp\/v2\/posts\/54372\/revisions\/66020"}],"wp:featuredmedia":[{"embeddable":true,"href":"https:\/\/www.ilmercoledi.news\/ilmercoledi\/news\/wp-json\/wp\/v2\/media\/54371"}],"wp:attachment":[{"href":"https:\/\/www.ilmercoledi.news\/ilmercoledi\/news\/wp-json\/wp\/v2\/media?parent=54372"}],"wp:term":[{"taxonomy":"category","embeddable":true,"href":"https:\/\/www.ilmercoledi.news\/ilmercoledi\/news\/wp-json\/wp\/v2\/categories?post=54372"},{"taxonomy":"post_tag","embeddable":true,"href":"https:\/\/www.ilmercoledi.news\/ilmercoledi\/news\/wp-json\/wp\/v2\/tags?post=54372"},{"taxonomy":"news-destination","embeddable":true,"href":"https:\/\/www.ilmercoledi.news\/ilmercoledi\/news\/wp-json\/wp\/v2\/news-destination?post=54372"},{"taxonomy":"news-source","embeddable":true,"href":"https:\/\/www.ilmercoledi.news\/ilmercoledi\/news\/wp-json\/wp\/v2\/news-source?post=54372"},{"taxonomy":"is_homepage","embeddable":true,"href":"https:\/\/www.ilmercoledi.news\/ilmercoledi\/news\/wp-json\/wp\/v2\/is_homepage?post=54372"},{"taxonomy":"ta_other","embeddable":true,"href":"https:\/\/www.ilmercoledi.news\/ilmercoledi\/news\/wp-json\/wp\/v2\/ta_other?post=54372"}],"curies":[{"name":"wp","href":"https:\/\/api.w.org\/{rel}","templated":true}]}}