{"id":54383,"date":"2023-07-10T15:13:00","date_gmt":"2023-07-10T13:13:00","guid":{"rendered":"https:\/\/www-ilmercoledi-news-*.sitenm.com\/?p=54383"},"modified":"2024-08-29T03:42:03","modified_gmt":"2023-11-03T03:42:03","slug":"ambiente-nasce-lunita-cinofila-metropolitana-delle-giacche-verdi","status":"publish","type":"post","link":"https:\/\/www.ilmercoledi.news\/2023\/07\/10\/ambiente-nasce-lunita-cinofila-metropolitana-delle-giacche-verdi\/","title":{"rendered":"AMBIENTE &#8211; Nasce l&#8217;unit\u00e0 cinofila metropolitana delle Giacche Verdi"},"content":{"rendered":"<p>A partire da agosto sar\u00e0 operativa l\u2019unit\u00e0 cinofila delle Giacche Verdi della Citt\u00e0 Metropolitana.\u00a0Tale unit\u00e0 coordinata da Alberina Cieri, svolger\u00e0 servizio su tutto il territorio della citt\u00e0 metropolitana di Torino, in stretta collaborazione con gli enti pubblici, locali e forze dell&#8217;ordine. L\u2019attivit\u00e0 si svolge con un cane Lupo Italiano dato in affidamento dall\u2019ente A.A.A.L.I (Associazione Affidatari Allevatori Lupo Italiano), con n. 2 Pastori Tedeschi e un pastore Belga Malinois. Il capo squadra con il suo team, (al momento composto da tre Giacche Verdi), potr\u00e0 svolgere attivit\u00e0 di ricerca dispersi e ricerca animali scomparsi.<\/p>\n","protected":false},"excerpt":{"rendered":"","protected":false},"author":11,"featured_media":54381,"comment_status":"open","ping_status":"closed","sticky":false,"template":"","format":"standard","meta":[],"categories":[34],"tags":[],"news-destination":[],"news-source":[],"is_homepage":[581],"ta_other":[],"_links":{"self":[{"href":"https:\/\/www.ilmercoledi.news\/ilmercoledi\/news\/wp-json\/wp\/v2\/posts\/54383"}],"collection":[{"href":"https:\/\/www.ilmercoledi.news\/ilmercoledi\/news\/wp-json\/wp\/v2\/posts"}],"about":[{"href":"https:\/\/www.ilmercoledi.news\/ilmercoledi\/news\/wp-json\/wp\/v2\/types\/post"}],"author":[{"embeddable":true,"href":"https:\/\/www.ilmercoledi.news\/ilmercoledi\/news\/wp-json\/wp\/v2\/users\/11"}],"replies":[{"embeddable":true,"href":"https:\/\/www.ilmercoledi.news\/ilmercoledi\/news\/wp-json\/wp\/v2\/comments?post=54383"}],"version-history":[{"count":1,"href":"https:\/\/www.ilmercoledi.news\/ilmercoledi\/news\/wp-json\/wp\/v2\/posts\/54383\/revisions"}],"predecessor-version":[{"id":54387,"href":"https:\/\/www.ilmercoledi.news\/ilmercoledi\/news\/wp-json\/wp\/v2\/posts\/54383\/revisions\/54387"}],"wp:featuredmedia":[{"embeddable":true,"href":"https:\/\/www.ilmercoledi.news\/ilmercoledi\/news\/wp-json\/wp\/v2\/media\/54381"}],"wp:attachment":[{"href":"https:\/\/www.ilmercoledi.news\/ilmercoledi\/news\/wp-json\/wp\/v2\/media?parent=54383"}],"wp:term":[{"taxonomy":"category","embeddable":true,"href":"https:\/\/www.ilmercoledi.news\/ilmercoledi\/news\/wp-json\/wp\/v2\/categories?post=54383"},{"taxonomy":"post_tag","embeddable":true,"href":"https:\/\/www.ilmercoledi.news\/ilmercoledi\/news\/wp-json\/wp\/v2\/tags?post=54383"},{"taxonomy":"news-destination","embeddable":true,"href":"https:\/\/www.ilmercoledi.news\/ilmercoledi\/news\/wp-json\/wp\/v2\/news-destination?post=54383"},{"taxonomy":"news-source","embeddable":true,"href":"https:\/\/www.ilmercoledi.news\/ilmercoledi\/news\/wp-json\/wp\/v2\/news-source?post=54383"},{"taxonomy":"is_homepage","embeddable":true,"href":"https:\/\/www.ilmercoledi.news\/ilmercoledi\/news\/wp-json\/wp\/v2\/is_homepage?post=54383"},{"taxonomy":"ta_other","embeddable":true,"href":"https:\/\/www.ilmercoledi.news\/ilmercoledi\/news\/wp-json\/wp\/v2\/ta_other?post=54383"}],"curies":[{"name":"wp","href":"https:\/\/api.w.org\/{rel}","templated":true}]}}