{"id":54395,"date":"2023-07-10T15:24:27","date_gmt":"2023-07-10T13:24:27","guid":{"rendered":"https:\/\/www-ilmercoledi-news-*.sitenm.com\/?p=54395"},"modified":"2024-08-29T03:42:03","modified_gmt":"2023-11-03T03:42:03","slug":"pecetto-nuovi-appuntamenti-per-le-storie-sotto-gli-alberi","status":"publish","type":"post","link":"https:\/\/www.ilmercoledi.news\/2023\/07\/10\/pecetto-nuovi-appuntamenti-per-le-storie-sotto-gli-alberi\/","title":{"rendered":"PECETTO &#8211; Nuovi appuntamenti per le storie sotto gli alberi"},"content":{"rendered":"<p>Nel nuovo parco comunale a Pecetto Torinese ( dietro la casa di riposo Gonella ) il 14 e il 21 luglio alle ore 21 torna l&#8217;appuntamento con le storie &#8220;Sotto gli alberi&#8221; e musiche per bambini, mamme, pap\u00e0, nonni, nonne, zii, cugini. Ideato da Davide Spina, narratore Claudio Dughera, violinisti Paolo Giolo, Luciana Valeriani, Pianista Donatella Basso. Inoltre sar\u00e0 possibile degustare l&#8217;ottimo gelato dell&#8217;Arsenale dell&#8217;armonia del Sermig. Evento gratuito in caso di pioggia l&#8217;attivit\u00e0 si svolger\u00e0 presso la chiesa dei Bat\u00f9.<\/p>\n","protected":false},"excerpt":{"rendered":"","protected":false},"author":11,"featured_media":53405,"comment_status":"open","ping_status":"closed","sticky":false,"template":"","format":"standard","meta":[],"categories":[34],"tags":[],"news-destination":[],"news-source":[],"is_homepage":[581],"ta_other":[],"_links":{"self":[{"href":"https:\/\/www.ilmercoledi.news\/ilmercoledi\/news\/wp-json\/wp\/v2\/posts\/54395"}],"collection":[{"href":"https:\/\/www.ilmercoledi.news\/ilmercoledi\/news\/wp-json\/wp\/v2\/posts"}],"about":[{"href":"https:\/\/www.ilmercoledi.news\/ilmercoledi\/news\/wp-json\/wp\/v2\/types\/post"}],"author":[{"embeddable":true,"href":"https:\/\/www.ilmercoledi.news\/ilmercoledi\/news\/wp-json\/wp\/v2\/users\/11"}],"replies":[{"embeddable":true,"href":"https:\/\/www.ilmercoledi.news\/ilmercoledi\/news\/wp-json\/wp\/v2\/comments?post=54395"}],"version-history":[{"count":1,"href":"https:\/\/www.ilmercoledi.news\/ilmercoledi\/news\/wp-json\/wp\/v2\/posts\/54395\/revisions"}],"predecessor-version":[{"id":54399,"href":"https:\/\/www.ilmercoledi.news\/ilmercoledi\/news\/wp-json\/wp\/v2\/posts\/54395\/revisions\/54399"}],"wp:featuredmedia":[{"embeddable":true,"href":"https:\/\/www.ilmercoledi.news\/ilmercoledi\/news\/wp-json\/wp\/v2\/media\/53405"}],"wp:attachment":[{"href":"https:\/\/www.ilmercoledi.news\/ilmercoledi\/news\/wp-json\/wp\/v2\/media?parent=54395"}],"wp:term":[{"taxonomy":"category","embeddable":true,"href":"https:\/\/www.ilmercoledi.news\/ilmercoledi\/news\/wp-json\/wp\/v2\/categories?post=54395"},{"taxonomy":"post_tag","embeddable":true,"href":"https:\/\/www.ilmercoledi.news\/ilmercoledi\/news\/wp-json\/wp\/v2\/tags?post=54395"},{"taxonomy":"news-destination","embeddable":true,"href":"https:\/\/www.ilmercoledi.news\/ilmercoledi\/news\/wp-json\/wp\/v2\/news-destination?post=54395"},{"taxonomy":"news-source","embeddable":true,"href":"https:\/\/www.ilmercoledi.news\/ilmercoledi\/news\/wp-json\/wp\/v2\/news-source?post=54395"},{"taxonomy":"is_homepage","embeddable":true,"href":"https:\/\/www.ilmercoledi.news\/ilmercoledi\/news\/wp-json\/wp\/v2\/is_homepage?post=54395"},{"taxonomy":"ta_other","embeddable":true,"href":"https:\/\/www.ilmercoledi.news\/ilmercoledi\/news\/wp-json\/wp\/v2\/ta_other?post=54395"}],"curies":[{"name":"wp","href":"https:\/\/api.w.org\/{rel}","templated":true}]}}