{"id":54413,"date":"2023-07-11T07:26:22","date_gmt":"2023-07-11T05:26:22","guid":{"rendered":"https:\/\/www-ilmercoledi-news-*.sitenm.com\/?p=54413"},"modified":"2024-08-29T03:42:03","modified_gmt":"2023-11-03T03:42:03","slug":"sanita-lassociazione-adelina-graziani-denuncia-procura-lo-stato-delle-strutture-sanitarie-nel-torinese","status":"publish","type":"post","link":"https:\/\/www.ilmercoledi.news\/2023\/07\/11\/sanita-lassociazione-adelina-graziani-denuncia-procura-lo-stato-delle-strutture-sanitarie-nel-torinese\/","title":{"rendered":"SANITA&#8217; &#8211; L&#8217;associazione Adelina Graziani denuncia in procura lo stato delle strutture sanitarie nel Torinese"},"content":{"rendered":"<p>L\u2019Associazione Nazionale Adelina Graziani per i diritti umani e contro la malasanit\u00e0 rappresentata dal Presidente Riccardo Ru\u00e0 e dal Vice Presidente Rachele Sacco questa mattina si \u00e8 recata presso la Procura per le fasce deboli di Torino al fine di segnalare la grave situazione e le drammatiche carenza delle strutture sanitarie piemontesi. &lt;Abbiamo esposto alla Procura la gravissima situazione in cui versano i Pronto Soccorso \u2013 spiega Ru\u00e0 \u2013 ai quali manca il personale necessario e le cui lacune vengono colmate spesso con personale non adeguatamente formato&gt;. Le stesse strutture per la riabilitazione ortopedica e la degenza post operatoria non versano in migliori condizioni, mancano numericamente e qualitativamente non sono all\u2019altezza di gestire le necessit\u00e0 degli anziani dopo interventi chirurgici e post traumi. &lt;Infine abbiamo rappresentato alla Procura le condizioni di alcune Rsa \u2013 conclude la vice presidente Sacco \u2013 anche recenti sopralluoghi ci confermano che in molte strutture il personale non \u00e8 adeguato, sia come numeri in rapporto agli ospiti che nelle qualifiche. Abbiamo sottolineato anche la poca trasparenza da parte di certe strutture e una scarsa attenzione alle normative sulla sicurezza degli ambienti&gt;.<\/p>\n","protected":false},"excerpt":{"rendered":"","protected":false},"author":11,"featured_media":54409,"comment_status":"open","ping_status":"closed","sticky":false,"template":"","format":"standard","meta":[],"categories":[34],"tags":[],"news-destination":[],"news-source":[],"is_homepage":[581],"ta_other":[],"_links":{"self":[{"href":"https:\/\/www.ilmercoledi.news\/ilmercoledi\/news\/wp-json\/wp\/v2\/posts\/54413"}],"collection":[{"href":"https:\/\/www.ilmercoledi.news\/ilmercoledi\/news\/wp-json\/wp\/v2\/posts"}],"about":[{"href":"https:\/\/www.ilmercoledi.news\/ilmercoledi\/news\/wp-json\/wp\/v2\/types\/post"}],"author":[{"embeddable":true,"href":"https:\/\/www.ilmercoledi.news\/ilmercoledi\/news\/wp-json\/wp\/v2\/users\/11"}],"replies":[{"embeddable":true,"href":"https:\/\/www.ilmercoledi.news\/ilmercoledi\/news\/wp-json\/wp\/v2\/comments?post=54413"}],"version-history":[{"count":1,"href":"https:\/\/www.ilmercoledi.news\/ilmercoledi\/news\/wp-json\/wp\/v2\/posts\/54413\/revisions"}],"predecessor-version":[{"id":54414,"href":"https:\/\/www.ilmercoledi.news\/ilmercoledi\/news\/wp-json\/wp\/v2\/posts\/54413\/revisions\/54414"}],"wp:featuredmedia":[{"embeddable":true,"href":"https:\/\/www.ilmercoledi.news\/ilmercoledi\/news\/wp-json\/wp\/v2\/media\/54409"}],"wp:attachment":[{"href":"https:\/\/www.ilmercoledi.news\/ilmercoledi\/news\/wp-json\/wp\/v2\/media?parent=54413"}],"wp:term":[{"taxonomy":"category","embeddable":true,"href":"https:\/\/www.ilmercoledi.news\/ilmercoledi\/news\/wp-json\/wp\/v2\/categories?post=54413"},{"taxonomy":"post_tag","embeddable":true,"href":"https:\/\/www.ilmercoledi.news\/ilmercoledi\/news\/wp-json\/wp\/v2\/tags?post=54413"},{"taxonomy":"news-destination","embeddable":true,"href":"https:\/\/www.ilmercoledi.news\/ilmercoledi\/news\/wp-json\/wp\/v2\/news-destination?post=54413"},{"taxonomy":"news-source","embeddable":true,"href":"https:\/\/www.ilmercoledi.news\/ilmercoledi\/news\/wp-json\/wp\/v2\/news-source?post=54413"},{"taxonomy":"is_homepage","embeddable":true,"href":"https:\/\/www.ilmercoledi.news\/ilmercoledi\/news\/wp-json\/wp\/v2\/is_homepage?post=54413"},{"taxonomy":"ta_other","embeddable":true,"href":"https:\/\/www.ilmercoledi.news\/ilmercoledi\/news\/wp-json\/wp\/v2\/ta_other?post=54413"}],"curies":[{"name":"wp","href":"https:\/\/api.w.org\/{rel}","templated":true}]}}