{"id":54421,"date":"2023-07-11T13:46:56","date_gmt":"2023-07-11T11:46:56","guid":{"rendered":"https:\/\/www-ilmercoledi-news-*.sitenm.com\/?p=54421"},"modified":"2024-08-29T03:42:03","modified_gmt":"2023-11-03T03:42:03","slug":"vinovo-fbap-mastri-birrai-road-13-14-15-16-luglio-piazza-rey","status":"publish","type":"post","link":"https:\/\/www.ilmercoledi.news\/2023\/07\/11\/vinovo-fbap-mastri-birrai-road-13-14-15-16-luglio-piazza-rey\/","title":{"rendered":"VINOVO  -FBAP &#8216;Mastri birrai on the Road&#8217; 13-14-15-16 Luglio in piazza Rey"},"content":{"rendered":"<p>Il 13, 14, 15 e 16 luglio a Vinovo, il F.B.A.P. Mastri birrai on the Road arriva con una selezione di birre artigianali straordinarie, truck food gourmet e concerti live in piazza Rey. \u00a0E per rendere l&#8217;atmosfera ancora pi\u00f9 coinvolgente, gioved\u00ec 13 avremo anche la notte bianca, che vedr\u00e0 tutti i negozi aperti fino alle 24 e la musica live itinerante per tutta la citt\u00e0.<\/p>\n","protected":false},"excerpt":{"rendered":"","protected":false},"author":11,"featured_media":54418,"comment_status":"open","ping_status":"closed","sticky":false,"template":"","format":"standard","meta":[],"categories":[34],"tags":[],"news-destination":[],"news-source":[],"is_homepage":[581],"ta_other":[],"_links":{"self":[{"href":"https:\/\/www.ilmercoledi.news\/ilmercoledi\/news\/wp-json\/wp\/v2\/posts\/54421"}],"collection":[{"href":"https:\/\/www.ilmercoledi.news\/ilmercoledi\/news\/wp-json\/wp\/v2\/posts"}],"about":[{"href":"https:\/\/www.ilmercoledi.news\/ilmercoledi\/news\/wp-json\/wp\/v2\/types\/post"}],"author":[{"embeddable":true,"href":"https:\/\/www.ilmercoledi.news\/ilmercoledi\/news\/wp-json\/wp\/v2\/users\/11"}],"replies":[{"embeddable":true,"href":"https:\/\/www.ilmercoledi.news\/ilmercoledi\/news\/wp-json\/wp\/v2\/comments?post=54421"}],"version-history":[{"count":1,"href":"https:\/\/www.ilmercoledi.news\/ilmercoledi\/news\/wp-json\/wp\/v2\/posts\/54421\/revisions"}],"predecessor-version":[{"id":66027,"href":"https:\/\/www.ilmercoledi.news\/ilmercoledi\/news\/wp-json\/wp\/v2\/posts\/54421\/revisions\/66027"}],"wp:featuredmedia":[{"embeddable":true,"href":"https:\/\/www.ilmercoledi.news\/ilmercoledi\/news\/wp-json\/wp\/v2\/media\/54418"}],"wp:attachment":[{"href":"https:\/\/www.ilmercoledi.news\/ilmercoledi\/news\/wp-json\/wp\/v2\/media?parent=54421"}],"wp:term":[{"taxonomy":"category","embeddable":true,"href":"https:\/\/www.ilmercoledi.news\/ilmercoledi\/news\/wp-json\/wp\/v2\/categories?post=54421"},{"taxonomy":"post_tag","embeddable":true,"href":"https:\/\/www.ilmercoledi.news\/ilmercoledi\/news\/wp-json\/wp\/v2\/tags?post=54421"},{"taxonomy":"news-destination","embeddable":true,"href":"https:\/\/www.ilmercoledi.news\/ilmercoledi\/news\/wp-json\/wp\/v2\/news-destination?post=54421"},{"taxonomy":"news-source","embeddable":true,"href":"https:\/\/www.ilmercoledi.news\/ilmercoledi\/news\/wp-json\/wp\/v2\/news-source?post=54421"},{"taxonomy":"is_homepage","embeddable":true,"href":"https:\/\/www.ilmercoledi.news\/ilmercoledi\/news\/wp-json\/wp\/v2\/is_homepage?post=54421"},{"taxonomy":"ta_other","embeddable":true,"href":"https:\/\/www.ilmercoledi.news\/ilmercoledi\/news\/wp-json\/wp\/v2\/ta_other?post=54421"}],"curies":[{"name":"wp","href":"https:\/\/api.w.org\/{rel}","templated":true}]}}