{"id":54441,"date":"2023-07-12T07:40:20","date_gmt":"2023-07-12T05:40:20","guid":{"rendered":"https:\/\/www-ilmercoledi-news-*.sitenm.com\/?p=54441"},"modified":"2024-08-29T03:42:03","modified_gmt":"2023-11-03T03:42:03","slug":"nichelino-incidente-stupinigi-auto-contro-albero-prende-fuoco","status":"publish","type":"post","link":"https:\/\/www.ilmercoledi.news\/2023\/07\/12\/nichelino-incidente-stupinigi-auto-contro-albero-prende-fuoco\/","title":{"rendered":"NICHELINO &#8211; Incidente a Stupinigi, auto contro albero prende fuoco"},"content":{"rendered":"<p>Incidente nella notte tra luned\u00ec e marted\u00ec sulla direttrice di Stupinigi, davanti la palazzina di caccia. Una vettura si \u00e8 schiantata contro uno degli alberi a bordo strada. Dopo l&#8217;urto \u00e8 partito un principio di incendio che ha avvolto la zona del motore, ma il conducente \u00e8 riuscito ad uscire in tempo prima che la situazione potesse diventare pericolosa. Sul posto sono arrivati i vigili del fuoco che hanno spento le fiamme e riportato la situazione in sicurezza.<\/p>\n<p>&nbsp;<\/p>\n","protected":false},"excerpt":{"rendered":"","protected":false},"author":11,"featured_media":19951,"comment_status":"open","ping_status":"closed","sticky":false,"template":"","format":"standard","meta":[],"categories":[34],"tags":[],"news-destination":[],"news-source":[],"is_homepage":[581],"ta_other":[],"_links":{"self":[{"href":"https:\/\/www.ilmercoledi.news\/ilmercoledi\/news\/wp-json\/wp\/v2\/posts\/54441"}],"collection":[{"href":"https:\/\/www.ilmercoledi.news\/ilmercoledi\/news\/wp-json\/wp\/v2\/posts"}],"about":[{"href":"https:\/\/www.ilmercoledi.news\/ilmercoledi\/news\/wp-json\/wp\/v2\/types\/post"}],"author":[{"embeddable":true,"href":"https:\/\/www.ilmercoledi.news\/ilmercoledi\/news\/wp-json\/wp\/v2\/users\/11"}],"replies":[{"embeddable":true,"href":"https:\/\/www.ilmercoledi.news\/ilmercoledi\/news\/wp-json\/wp\/v2\/comments?post=54441"}],"version-history":[{"count":1,"href":"https:\/\/www.ilmercoledi.news\/ilmercoledi\/news\/wp-json\/wp\/v2\/posts\/54441\/revisions"}],"predecessor-version":[{"id":66041,"href":"https:\/\/www.ilmercoledi.news\/ilmercoledi\/news\/wp-json\/wp\/v2\/posts\/54441\/revisions\/66041"}],"wp:featuredmedia":[{"embeddable":true,"href":"https:\/\/www.ilmercoledi.news\/ilmercoledi\/news\/wp-json\/wp\/v2\/media\/19951"}],"wp:attachment":[{"href":"https:\/\/www.ilmercoledi.news\/ilmercoledi\/news\/wp-json\/wp\/v2\/media?parent=54441"}],"wp:term":[{"taxonomy":"category","embeddable":true,"href":"https:\/\/www.ilmercoledi.news\/ilmercoledi\/news\/wp-json\/wp\/v2\/categories?post=54441"},{"taxonomy":"post_tag","embeddable":true,"href":"https:\/\/www.ilmercoledi.news\/ilmercoledi\/news\/wp-json\/wp\/v2\/tags?post=54441"},{"taxonomy":"news-destination","embeddable":true,"href":"https:\/\/www.ilmercoledi.news\/ilmercoledi\/news\/wp-json\/wp\/v2\/news-destination?post=54441"},{"taxonomy":"news-source","embeddable":true,"href":"https:\/\/www.ilmercoledi.news\/ilmercoledi\/news\/wp-json\/wp\/v2\/news-source?post=54441"},{"taxonomy":"is_homepage","embeddable":true,"href":"https:\/\/www.ilmercoledi.news\/ilmercoledi\/news\/wp-json\/wp\/v2\/is_homepage?post=54441"},{"taxonomy":"ta_other","embeddable":true,"href":"https:\/\/www.ilmercoledi.news\/ilmercoledi\/news\/wp-json\/wp\/v2\/ta_other?post=54441"}],"curies":[{"name":"wp","href":"https:\/\/api.w.org\/{rel}","templated":true}]}}