{"id":54543,"date":"2023-07-18T17:16:39","date_gmt":"2023-07-18T15:16:39","guid":{"rendered":"https:\/\/euwps06.newsmemory.com\/ilmercoledi\/news\/?p=54543"},"modified":"2024-08-29T03:42:02","modified_gmt":"2023-11-03T03:42:02","slug":"cambiano-incidente-tra-due-utilitarie-causa-il-ferimento-di-due-donne","status":"publish","type":"post","link":"https:\/\/www.ilmercoledi.news\/2023\/07\/18\/cambiano-incidente-tra-due-utilitarie-causa-il-ferimento-di-due-donne\/","title":{"rendered":"Cambiano: incidente tra due utilitarie causa il ferimento di due donne"},"content":{"rendered":"<p>E\u2019 di due donne ferite il bilancio dell\u2019incidente stradale avvenuto nel primo pomeriggio di oggi, marted\u00ec 18 luglio, a Cambiano. Teatro del fatto l\u2019asse della provinciale 122, in prossimit\u00e0 di una intersezione dove, per cause ancora in corso di accertamento da parte dei carabinieri della locale stazione, due Fiat Panda si sono scontrante in modo violento. L\u2019irruenza dell\u2019urto era gi\u00e0 stata stabilita ancor prima di effettuare i rilievi in quanto era gi\u00e0 possibile percepirla a vista: una delle due utilitarie infatti si \u00e8 rovinosamente ribaltata a seguito dell\u2019impatto. <\/p>\n","protected":false},"excerpt":{"rendered":"","protected":false},"author":10,"featured_media":54542,"comment_status":"open","ping_status":"closed","sticky":false,"template":"","format":"standard","meta":[],"categories":[34],"tags":[],"news-destination":[],"news-source":[],"is_homepage":[],"ta_other":[],"_links":{"self":[{"href":"https:\/\/www.ilmercoledi.news\/ilmercoledi\/news\/wp-json\/wp\/v2\/posts\/54543"}],"collection":[{"href":"https:\/\/www.ilmercoledi.news\/ilmercoledi\/news\/wp-json\/wp\/v2\/posts"}],"about":[{"href":"https:\/\/www.ilmercoledi.news\/ilmercoledi\/news\/wp-json\/wp\/v2\/types\/post"}],"author":[{"embeddable":true,"href":"https:\/\/www.ilmercoledi.news\/ilmercoledi\/news\/wp-json\/wp\/v2\/users\/10"}],"replies":[{"embeddable":true,"href":"https:\/\/www.ilmercoledi.news\/ilmercoledi\/news\/wp-json\/wp\/v2\/comments?post=54543"}],"version-history":[{"count":1,"href":"https:\/\/www.ilmercoledi.news\/ilmercoledi\/news\/wp-json\/wp\/v2\/posts\/54543\/revisions"}],"predecessor-version":[{"id":65966,"href":"https:\/\/www.ilmercoledi.news\/ilmercoledi\/news\/wp-json\/wp\/v2\/posts\/54543\/revisions\/65966"}],"wp:featuredmedia":[{"embeddable":true,"href":"https:\/\/www.ilmercoledi.news\/ilmercoledi\/news\/wp-json\/wp\/v2\/media\/54542"}],"wp:attachment":[{"href":"https:\/\/www.ilmercoledi.news\/ilmercoledi\/news\/wp-json\/wp\/v2\/media?parent=54543"}],"wp:term":[{"taxonomy":"category","embeddable":true,"href":"https:\/\/www.ilmercoledi.news\/ilmercoledi\/news\/wp-json\/wp\/v2\/categories?post=54543"},{"taxonomy":"post_tag","embeddable":true,"href":"https:\/\/www.ilmercoledi.news\/ilmercoledi\/news\/wp-json\/wp\/v2\/tags?post=54543"},{"taxonomy":"news-destination","embeddable":true,"href":"https:\/\/www.ilmercoledi.news\/ilmercoledi\/news\/wp-json\/wp\/v2\/news-destination?post=54543"},{"taxonomy":"news-source","embeddable":true,"href":"https:\/\/www.ilmercoledi.news\/ilmercoledi\/news\/wp-json\/wp\/v2\/news-source?post=54543"},{"taxonomy":"is_homepage","embeddable":true,"href":"https:\/\/www.ilmercoledi.news\/ilmercoledi\/news\/wp-json\/wp\/v2\/is_homepage?post=54543"},{"taxonomy":"ta_other","embeddable":true,"href":"https:\/\/www.ilmercoledi.news\/ilmercoledi\/news\/wp-json\/wp\/v2\/ta_other?post=54543"}],"curies":[{"name":"wp","href":"https:\/\/api.w.org\/{rel}","templated":true}]}}