{"id":54553,"date":"2023-07-18T17:39:14","date_gmt":"2023-07-18T15:39:14","guid":{"rendered":"https:\/\/euwps06.newsmemory.com\/ilmercoledi\/news\/?p=54553"},"modified":"2024-08-29T03:42:02","modified_gmt":"2023-11-03T03:42:02","slug":"una-foratura-rallenta-tommaso-ciuffi-al-rally-adriatico","status":"publish","type":"post","link":"https:\/\/www.ilmercoledi.news\/2023\/07\/18\/una-foratura-rallenta-tommaso-ciuffi-al-rally-adriatico\/","title":{"rendered":"Una foratura rallenta Tommaso Ciuffi al Rally Adriatico"},"content":{"rendered":"<p>Tommaso Ciuffi torna dal 30\u00b0 Rally Adriatico con l\u2019ottavo posto assoluto e il sesto tra i piloti iscritti al Campionato Italiano Rally Terra, in una gara dove ha ancora una volta lottato per il podio assoluto.<br \/>\nAl volante della Skoda Fabia Rally 2 Evo gommata Michelin preparata da Bianchi e navigato da Pietro Cigni, Ciuffi era consapevole fin dalla vigilia che la gara sarebbe stata tiratissima. La presenza dei migliori piloti d\u2019Italia, l\u2019inserimento di equipaggi stranieri con importante esperienza internazionale oltre alle alchimie di campionato e al gran caldo hanno reso il Rally dell\u2019Adriatico 2023 una gara davvero tosta.<\/p>\n<p>Dopo le buone sensazioni raccolte durante lo shakedown, la gara \u00e8 partita domenica mattina con l\u2019incognita della polvere. Soprattutto nel primo giro sulle tre prove speciali, che sono state ripetute per tre volte, la visibilit\u00e0 \u00e8 stata piuttosto bassa. Ciuffi \u00e8 inoltre partito per secondo, situazione che lo ha costretto a pulire la strada e ad adottare una strategia pi\u00f9 conservativa possibile.<\/p>\n<p>L\u2019approccio del pilota fiorentino \u00e8 stato pi\u00f9 che positivo. Al termine delle prime tre speciali occupava il quinto posto assoluto e dopo l\u2019assistenza si \u00e8 preparato per andare all\u2019attacco. Sulla ripetizione della prova di San Fiorano, Ciuffi \u00e8 partito molto forte consapevole che gran parte della sua rimonta avrebbe cominciato a giocarsi gi\u00e0 su quel tratto cronometrato, ma a 4 chilometri dalla fine una foratura lo ha costretto a rallentare. Questo episodio, aggiunto ad una penalit\u00e0 di 10 secondi decisa per una partenza anticipata nella speciale successiva, ha poi condizionato il risultato.<\/p>\n<p>Il portacolori Gass Racing, non avendo pi\u00f9 ragione di forzare, ha poi completato il terzo giro sulle prove cercando di tenersi lontano dai guai, arrivando sul traguardo di Urbino con l\u2019ottavo posto assoluto e il sesto fra i piloti del Campionato Italiano Rally Terra, un risultato che lo vede ora al terzo posto con 25 punti.<\/p>\n<p>\u201cSicuramente non \u00e8 stato il Rally dell\u2019Adriatico che avrei voluto \u2013 ha commentato Ciuffi \u2013 ma purtroppo fa parte del gioco. Il secondo giro sulle prove era quello pi\u00f9 importante, sono partito forte cercando di guidare il meglio possibile per recuperare e in quelle situazioni sai che a volte vai anche oltre il limite. La foratura \u00e8 un episodio che pu\u00f2 capitare. Un grazie al team Bianchi che mi ha messo a disposizione un\u2019ottima vettura, a Pietro sempre impeccabile e a tutti quelli che ci hanno fatto il tifo. Pensiamo gi\u00e0 al prossimo appuntamento in Sardegna, dove sar\u00e0 fondamentale marcare punti pesanti alla luce del coefficiente 1,5\u201d.<\/p>\n<p>Classifica Campionato Italiano Rally Terra 2023<br \/>\n1. Andreucci 39pt; 2. Gryazin 30pt; 3. Ciuffi 25pt; 4. Oldrati 18pt; 5. Panzani 13pt; 6. Costenaro 12pt; 7. Dati 11pt; 8. Vagnini 10pt; 9. Hoelbling 7pt; 10. Scandola, Grossi 6pt;<\/p>\n<p>Calendario Campionato Italiano Rally Terra 2023<br \/>\n18-19 marzo | Rally Val d\u2019Orcia; 20-21 maggio |Rally Adriatico; 16-17 giugno San Marino Rally; 15-16 settembre | Rally dei Nuraghi e del Vermentino (coeff.1,5); 21-22 ottobre | Rally delle Marche; 1-3 dicembre | ACI Rally Monza (coeff.1,5)<\/p>\n","protected":false},"excerpt":{"rendered":"","protected":false},"author":10,"featured_media":54552,"comment_status":"open","ping_status":"closed","sticky":false,"template":"","format":"standard","meta":[],"categories":[10],"tags":[],"news-destination":[],"news-source":[],"is_homepage":[],"ta_other":[],"_links":{"self":[{"href":"https:\/\/www.ilmercoledi.news\/ilmercoledi\/news\/wp-json\/wp\/v2\/posts\/54553"}],"collection":[{"href":"https:\/\/www.ilmercoledi.news\/ilmercoledi\/news\/wp-json\/wp\/v2\/posts"}],"about":[{"href":"https:\/\/www.ilmercoledi.news\/ilmercoledi\/news\/wp-json\/wp\/v2\/types\/post"}],"author":[{"embeddable":true,"href":"https:\/\/www.ilmercoledi.news\/ilmercoledi\/news\/wp-json\/wp\/v2\/users\/10"}],"replies":[{"embeddable":true,"href":"https:\/\/www.ilmercoledi.news\/ilmercoledi\/news\/wp-json\/wp\/v2\/comments?post=54553"}],"version-history":[{"count":1,"href":"https:\/\/www.ilmercoledi.news\/ilmercoledi\/news\/wp-json\/wp\/v2\/posts\/54553\/revisions"}],"predecessor-version":[{"id":65971,"href":"https:\/\/www.ilmercoledi.news\/ilmercoledi\/news\/wp-json\/wp\/v2\/posts\/54553\/revisions\/65971"}],"wp:featuredmedia":[{"embeddable":true,"href":"https:\/\/www.ilmercoledi.news\/ilmercoledi\/news\/wp-json\/wp\/v2\/media\/54552"}],"wp:attachment":[{"href":"https:\/\/www.ilmercoledi.news\/ilmercoledi\/news\/wp-json\/wp\/v2\/media?parent=54553"}],"wp:term":[{"taxonomy":"category","embeddable":true,"href":"https:\/\/www.ilmercoledi.news\/ilmercoledi\/news\/wp-json\/wp\/v2\/categories?post=54553"},{"taxonomy":"post_tag","embeddable":true,"href":"https:\/\/www.ilmercoledi.news\/ilmercoledi\/news\/wp-json\/wp\/v2\/tags?post=54553"},{"taxonomy":"news-destination","embeddable":true,"href":"https:\/\/www.ilmercoledi.news\/ilmercoledi\/news\/wp-json\/wp\/v2\/news-destination?post=54553"},{"taxonomy":"news-source","embeddable":true,"href":"https:\/\/www.ilmercoledi.news\/ilmercoledi\/news\/wp-json\/wp\/v2\/news-source?post=54553"},{"taxonomy":"is_homepage","embeddable":true,"href":"https:\/\/www.ilmercoledi.news\/ilmercoledi\/news\/wp-json\/wp\/v2\/is_homepage?post=54553"},{"taxonomy":"ta_other","embeddable":true,"href":"https:\/\/www.ilmercoledi.news\/ilmercoledi\/news\/wp-json\/wp\/v2\/ta_other?post=54553"}],"curies":[{"name":"wp","href":"https:\/\/api.w.org\/{rel}","templated":true}]}}