{"id":54614,"date":"2023-07-20T17:00:40","date_gmt":"2023-07-20T15:00:40","guid":{"rendered":"https:\/\/euwps06.newsmemory.com\/ilmercoledi\/news\/?p=54614"},"modified":"2025-04-02T23:16:49","modified_gmt":"2024-06-06T23:16:49","slug":"festival-fisarmonica-e-viola-protagonisti-calabria","status":"publish","type":"post","link":"https:\/\/www.ilmercoledi.news\/2023\/07\/20\/festival-fisarmonica-e-viola-protagonisti-calabria\/","title":{"rendered":"Festival Fisarmonica e Viola protagonisti in Calabria"},"content":{"rendered":"<p>E&#8217; stata presentata ieri la XVIII edizione del Festival Internazionale della Fisarmonica che si svolge a San Vincenzo La Costa (cittadina in provincia di Cosenza).<\/p>\n<p>Tra i protagonisti dell&#8217;importante rassegna musicale c&#8217;\u00e8 anche il celebre fisarmonicista moncalierese, con orgogliose origini calabresi, Ugo Viola, impareggiabile organizzatore di Moncalieri Jazz Festival in programma nel mese di novembre. Il Festival Internazionale della Fisarmonica si svolge da sabato 22 luglio al 10 agosto con un ricco e variegato programma di eventi, che sono stati illustrati dal direttore artistico, il maestro Pietro Pardino e dal Sindaco di San Vincenzo La Costa nel corso della conferenza stampa.<\/p>\n<p>La rassegna si articola in cinque sezioni, le pi\u00f9 importanti delle quali sono i concerti solistici e quelli cameristici.<\/p>\n<p>Il primo appuntamento in calendario \u00e8 per sabato 22 luglio quando in Piazza Caracciolo, in localit\u00e0 San Sisto dei Valdesi, alle 21,30 sar\u00e0 in scena il Kilombo Quartet.<\/p>\n<p>Molto interessante si annuncia il Concorso Internazionale e Masterclass con M. Pitocco, O. Douyez, G.Scigliano che inizier\u00e0 il 4 agosto. A giudicare i partecipanti sar\u00e0 una giuria qualificata, che comprende tra gli altri anche il maestro moncalierese Ugo Viola, che spiega:\u00a0\u201cSi tratta di un ritorno alle origini e l\u2019affermazione del grande amore artistico della mia vita: la fisarmonica\u201d.<\/p>\n<p>Il Festival Internazionale della Fisarmonica \u00e8 organizzato dal Comune di San Vincenzo La Costa, nell\u2019ambito di un progetto cofinanziato dalla Regione Calabria.<\/p>\n","protected":false},"excerpt":{"rendered":"","protected":false},"author":6,"featured_media":54613,"comment_status":"open","ping_status":"closed","sticky":false,"template":"","format":"standard","meta":[],"categories":[9],"tags":[671],"news-destination":[],"news-source":[],"is_homepage":[581],"ta_other":[],"_links":{"self":[{"href":"https:\/\/www.ilmercoledi.news\/ilmercoledi\/news\/wp-json\/wp\/v2\/posts\/54614"}],"collection":[{"href":"https:\/\/www.ilmercoledi.news\/ilmercoledi\/news\/wp-json\/wp\/v2\/posts"}],"about":[{"href":"https:\/\/www.ilmercoledi.news\/ilmercoledi\/news\/wp-json\/wp\/v2\/types\/post"}],"author":[{"embeddable":true,"href":"https:\/\/www.ilmercoledi.news\/ilmercoledi\/news\/wp-json\/wp\/v2\/users\/6"}],"replies":[{"embeddable":true,"href":"https:\/\/www.ilmercoledi.news\/ilmercoledi\/news\/wp-json\/wp\/v2\/comments?post=54614"}],"version-history":[{"count":1,"href":"https:\/\/www.ilmercoledi.news\/ilmercoledi\/news\/wp-json\/wp\/v2\/posts\/54614\/revisions"}],"predecessor-version":[{"id":66004,"href":"https:\/\/www.ilmercoledi.news\/ilmercoledi\/news\/wp-json\/wp\/v2\/posts\/54614\/revisions\/66004"}],"wp:featuredmedia":[{"embeddable":true,"href":"https:\/\/www.ilmercoledi.news\/ilmercoledi\/news\/wp-json\/wp\/v2\/media\/54613"}],"wp:attachment":[{"href":"https:\/\/www.ilmercoledi.news\/ilmercoledi\/news\/wp-json\/wp\/v2\/media?parent=54614"}],"wp:term":[{"taxonomy":"category","embeddable":true,"href":"https:\/\/www.ilmercoledi.news\/ilmercoledi\/news\/wp-json\/wp\/v2\/categories?post=54614"},{"taxonomy":"post_tag","embeddable":true,"href":"https:\/\/www.ilmercoledi.news\/ilmercoledi\/news\/wp-json\/wp\/v2\/tags?post=54614"},{"taxonomy":"news-destination","embeddable":true,"href":"https:\/\/www.ilmercoledi.news\/ilmercoledi\/news\/wp-json\/wp\/v2\/news-destination?post=54614"},{"taxonomy":"news-source","embeddable":true,"href":"https:\/\/www.ilmercoledi.news\/ilmercoledi\/news\/wp-json\/wp\/v2\/news-source?post=54614"},{"taxonomy":"is_homepage","embeddable":true,"href":"https:\/\/www.ilmercoledi.news\/ilmercoledi\/news\/wp-json\/wp\/v2\/is_homepage?post=54614"},{"taxonomy":"ta_other","embeddable":true,"href":"https:\/\/www.ilmercoledi.news\/ilmercoledi\/news\/wp-json\/wp\/v2\/ta_other?post=54614"}],"curies":[{"name":"wp","href":"https:\/\/api.w.org\/{rel}","templated":true}]}}