{"id":54651,"date":"2023-07-21T17:32:12","date_gmt":"2023-07-21T15:32:12","guid":{"rendered":"https:\/\/euwps06.newsmemory.com\/ilmercoledi\/news\/?p=54651"},"modified":"2024-08-29T03:42:01","modified_gmt":"2023-11-03T03:42:01","slug":"rally-mattia-zanin-al-citta-di-lucca","status":"publish","type":"post","link":"https:\/\/www.ilmercoledi.news\/2023\/07\/21\/rally-mattia-zanin-al-citta-di-lucca\/","title":{"rendered":"RALLY &#8211; Mattia Zanin al Citt\u00e0 di Lucca"},"content":{"rendered":"<p>Sabato 22 e domenica 23 luglio Mattia Zanin sar\u00e0 al via del 58\u00b0 Rally Coppa Citt\u00e0 di Lucca, valido per la Coppa Rally di Zona 6. Zanin, pilota Aci Team Italia e Vimotorsport che correr\u00e0 affiancato da Fabio Pizzol, sar\u00e0 al via della gara toscana per prepararsi al meglio in vista del Rally di Roma Capitale, quarta gara del FIA Junior European Rally Championship e prima in programma sull\u2019asfalto. Zanin correr\u00e0 con una Peugeot 208 Rally4 del team La Marca Racing e utilizzer\u00e0 pneumatici Hankook, gli stessi che dovr\u00e0 usare a Roma.<\/p>\n<p>\u201cCi saranno avversari di ottimo livello nella classe Rally4: oltre a Roberto Vescovi, a Fabio Farina e a Lucchesi jr, mi scontrer\u00f2 con lo svedese Mille Johansson, fra i protagonisti dell\u2019Europeo\u201d, il commento di Mattia Zanin: \u201cLucca sar\u00e0 la prima gara stagionale per me sull\u2019asfalto, fondo su cui non corro dal Rallyday della Fettunta 2022: sono passati sette mesi e mezzo. \u00c8 un\u2019ottima occasione per mettere a punto l\u2019auto, gli assetti e le gomme: avr\u00f2 bisogno di prendere confidenza con pneumatici e macchina, perch\u00e9 non ho mai corso sull\u2019asfalto con Hankook e con Peugeot. Sar\u00e0 fondamentale fare esperienza, raccogliere dati e acquisire il giusto feeling sull\u2019asfalto\u201d.<\/p>\n<p>La gara andr\u00e0 in scena sabato 22 per lo shakedown e domenica 23 per le prove speciali: sono previsti 62,80 chilometri cronometrati. L\u2019arrivo \u00e8 previsto per le 18 a Lucca, in piazzale San Donato.<\/p>\n","protected":false},"excerpt":{"rendered":"","protected":false},"author":10,"featured_media":54650,"comment_status":"open","ping_status":"closed","sticky":false,"template":"","format":"standard","meta":[],"categories":[10],"tags":[],"news-destination":[],"news-source":[],"is_homepage":[],"ta_other":[],"_links":{"self":[{"href":"https:\/\/www.ilmercoledi.news\/ilmercoledi\/news\/wp-json\/wp\/v2\/posts\/54651"}],"collection":[{"href":"https:\/\/www.ilmercoledi.news\/ilmercoledi\/news\/wp-json\/wp\/v2\/posts"}],"about":[{"href":"https:\/\/www.ilmercoledi.news\/ilmercoledi\/news\/wp-json\/wp\/v2\/types\/post"}],"author":[{"embeddable":true,"href":"https:\/\/www.ilmercoledi.news\/ilmercoledi\/news\/wp-json\/wp\/v2\/users\/10"}],"replies":[{"embeddable":true,"href":"https:\/\/www.ilmercoledi.news\/ilmercoledi\/news\/wp-json\/wp\/v2\/comments?post=54651"}],"version-history":[{"count":1,"href":"https:\/\/www.ilmercoledi.news\/ilmercoledi\/news\/wp-json\/wp\/v2\/posts\/54651\/revisions"}],"predecessor-version":[{"id":65798,"href":"https:\/\/www.ilmercoledi.news\/ilmercoledi\/news\/wp-json\/wp\/v2\/posts\/54651\/revisions\/65798"}],"wp:featuredmedia":[{"embeddable":true,"href":"https:\/\/www.ilmercoledi.news\/ilmercoledi\/news\/wp-json\/wp\/v2\/media\/54650"}],"wp:attachment":[{"href":"https:\/\/www.ilmercoledi.news\/ilmercoledi\/news\/wp-json\/wp\/v2\/media?parent=54651"}],"wp:term":[{"taxonomy":"category","embeddable":true,"href":"https:\/\/www.ilmercoledi.news\/ilmercoledi\/news\/wp-json\/wp\/v2\/categories?post=54651"},{"taxonomy":"post_tag","embeddable":true,"href":"https:\/\/www.ilmercoledi.news\/ilmercoledi\/news\/wp-json\/wp\/v2\/tags?post=54651"},{"taxonomy":"news-destination","embeddable":true,"href":"https:\/\/www.ilmercoledi.news\/ilmercoledi\/news\/wp-json\/wp\/v2\/news-destination?post=54651"},{"taxonomy":"news-source","embeddable":true,"href":"https:\/\/www.ilmercoledi.news\/ilmercoledi\/news\/wp-json\/wp\/v2\/news-source?post=54651"},{"taxonomy":"is_homepage","embeddable":true,"href":"https:\/\/www.ilmercoledi.news\/ilmercoledi\/news\/wp-json\/wp\/v2\/is_homepage?post=54651"},{"taxonomy":"ta_other","embeddable":true,"href":"https:\/\/www.ilmercoledi.news\/ilmercoledi\/news\/wp-json\/wp\/v2\/ta_other?post=54651"}],"curies":[{"name":"wp","href":"https:\/\/api.w.org\/{rel}","templated":true}]}}