{"id":54656,"date":"2023-07-21T17:45:43","date_gmt":"2023-07-21T15:45:43","guid":{"rendered":"https:\/\/euwps06.newsmemory.com\/ilmercoledi\/news\/?p=54656"},"modified":"2024-08-29T03:42:01","modified_gmt":"2023-11-03T03:42:01","slug":"torino-riapre-il-bar-del-tribunale-dara-lavoro-ex-detenuti-migranti-e-carcerati","status":"publish","type":"post","link":"https:\/\/www.ilmercoledi.news\/2023\/07\/21\/torino-riapre-il-bar-del-tribunale-dara-lavoro-ex-detenuti-migranti-e-carcerati\/","title":{"rendered":"TORINO &#8211; Riapre il bar del tribunale. Dar\u00e0 lavoro a ex detenuti, migranti e carcerati"},"content":{"rendered":"<p>Riaprir\u00e0 i battenti il prossimo settembre la caffetteria del Tribunale di Torino. E dar\u00e0 lavoro a 12 persone tra carcerati con permesso di lavoro esterno, ex detenuti, migranti e richiedenti asilo. L&#8217;intento \u00e8 di far diventare la struttura un luogo aperto alla citt\u00e0, con un piccolo dehors accessibile anche senza passare dall&#8217;interno. Inoltre sar\u00e0 dotato di una pasticceria nonch\u00e9 di un pastificio, tutti laboratori artigianali che utilizzeranno materie prime di qualit\u00e0. Ma c&#8217;\u00e8 anche l&#8217;obiettivo di tramutarlo in un luogo di sperimentazione per l&#8217;economia e la cucina circolare, con filiere corte, riduzione degli sprechi e uso di materiali compostabili per l&#8217;asporto. Inclusione sociale e sperimentazione saranno quindi i suoi baluardi.<\/p>\n","protected":false},"excerpt":{"rendered":"","protected":false},"author":10,"featured_media":26698,"comment_status":"open","ping_status":"closed","sticky":false,"template":"","format":"standard","meta":[],"categories":[395,34],"tags":[],"news-destination":[],"news-source":[],"is_homepage":[581],"ta_other":[],"_links":{"self":[{"href":"https:\/\/www.ilmercoledi.news\/ilmercoledi\/news\/wp-json\/wp\/v2\/posts\/54656"}],"collection":[{"href":"https:\/\/www.ilmercoledi.news\/ilmercoledi\/news\/wp-json\/wp\/v2\/posts"}],"about":[{"href":"https:\/\/www.ilmercoledi.news\/ilmercoledi\/news\/wp-json\/wp\/v2\/types\/post"}],"author":[{"embeddable":true,"href":"https:\/\/www.ilmercoledi.news\/ilmercoledi\/news\/wp-json\/wp\/v2\/users\/10"}],"replies":[{"embeddable":true,"href":"https:\/\/www.ilmercoledi.news\/ilmercoledi\/news\/wp-json\/wp\/v2\/comments?post=54656"}],"version-history":[{"count":1,"href":"https:\/\/www.ilmercoledi.news\/ilmercoledi\/news\/wp-json\/wp\/v2\/posts\/54656\/revisions"}],"predecessor-version":[{"id":65801,"href":"https:\/\/www.ilmercoledi.news\/ilmercoledi\/news\/wp-json\/wp\/v2\/posts\/54656\/revisions\/65801"}],"wp:featuredmedia":[{"embeddable":true,"href":"https:\/\/www.ilmercoledi.news\/ilmercoledi\/news\/wp-json\/wp\/v2\/media\/26698"}],"wp:attachment":[{"href":"https:\/\/www.ilmercoledi.news\/ilmercoledi\/news\/wp-json\/wp\/v2\/media?parent=54656"}],"wp:term":[{"taxonomy":"category","embeddable":true,"href":"https:\/\/www.ilmercoledi.news\/ilmercoledi\/news\/wp-json\/wp\/v2\/categories?post=54656"},{"taxonomy":"post_tag","embeddable":true,"href":"https:\/\/www.ilmercoledi.news\/ilmercoledi\/news\/wp-json\/wp\/v2\/tags?post=54656"},{"taxonomy":"news-destination","embeddable":true,"href":"https:\/\/www.ilmercoledi.news\/ilmercoledi\/news\/wp-json\/wp\/v2\/news-destination?post=54656"},{"taxonomy":"news-source","embeddable":true,"href":"https:\/\/www.ilmercoledi.news\/ilmercoledi\/news\/wp-json\/wp\/v2\/news-source?post=54656"},{"taxonomy":"is_homepage","embeddable":true,"href":"https:\/\/www.ilmercoledi.news\/ilmercoledi\/news\/wp-json\/wp\/v2\/is_homepage?post=54656"},{"taxonomy":"ta_other","embeddable":true,"href":"https:\/\/www.ilmercoledi.news\/ilmercoledi\/news\/wp-json\/wp\/v2\/ta_other?post=54656"}],"curies":[{"name":"wp","href":"https:\/\/api.w.org\/{rel}","templated":true}]}}