{"id":54780,"date":"2023-08-01T07:08:16","date_gmt":"2023-08-01T05:08:16","guid":{"rendered":"https:\/\/euwps05.newsmemory.com\/ilmercoledi\/news\/?p=54780"},"modified":"2024-08-29T03:42:01","modified_gmt":"2023-11-03T03:42:01","slug":"nichelino-agosto-citta-per-gli-anziani-con-il-centro-grosa-aperto","status":"publish","type":"post","link":"https:\/\/www.ilmercoledi.news\/2023\/08\/01\/nichelino-agosto-citta-per-gli-anziani-con-il-centro-grosa-aperto\/","title":{"rendered":"NICHELINO &#8211; Agosto in citt\u00e0 per gli anziani con il centro Grosa aperto"},"content":{"rendered":"<p>Il\u00a0Centro Sociale \u201cNicola Grosa\u201d (via Galimberti, 3) di Nichelino resta aperto nel mese di agosto\u00a0(tranne il 14 e\u00a0 il 15) offrendo cos\u00ec, a quanti rimangono in citt\u00e0, un locale climatizzato per passare le giornate in compagnia.<\/p>\n<p>Orari di apertura: tutti i giorni dalle 9.30 alle 12.00 e dalle 15.00 alle 18.30.<\/p>\n<p>Per quanti preferiscono\u00a0restare a casa\u00a0ma hanno voglia di chiacchierare con qualcuno\u00a0\u00e8 attivo il numero 011 6819740, dal luned\u00ec al venerd\u00ec dalle 9.30 alle 11.30 e dalle 15.00 alle 17.00,\u00a0per parlare con i volontari.<\/p>\n","protected":false},"excerpt":{"rendered":"","protected":false},"author":11,"featured_media":17287,"comment_status":"open","ping_status":"closed","sticky":false,"template":"","format":"standard","meta":[],"categories":[34],"tags":[],"news-destination":[],"news-source":[],"is_homepage":[581],"ta_other":[],"_links":{"self":[{"href":"https:\/\/www.ilmercoledi.news\/ilmercoledi\/news\/wp-json\/wp\/v2\/posts\/54780"}],"collection":[{"href":"https:\/\/www.ilmercoledi.news\/ilmercoledi\/news\/wp-json\/wp\/v2\/posts"}],"about":[{"href":"https:\/\/www.ilmercoledi.news\/ilmercoledi\/news\/wp-json\/wp\/v2\/types\/post"}],"author":[{"embeddable":true,"href":"https:\/\/www.ilmercoledi.news\/ilmercoledi\/news\/wp-json\/wp\/v2\/users\/11"}],"replies":[{"embeddable":true,"href":"https:\/\/www.ilmercoledi.news\/ilmercoledi\/news\/wp-json\/wp\/v2\/comments?post=54780"}],"version-history":[{"count":1,"href":"https:\/\/www.ilmercoledi.news\/ilmercoledi\/news\/wp-json\/wp\/v2\/posts\/54780\/revisions"}],"predecessor-version":[{"id":65857,"href":"https:\/\/www.ilmercoledi.news\/ilmercoledi\/news\/wp-json\/wp\/v2\/posts\/54780\/revisions\/65857"}],"wp:featuredmedia":[{"embeddable":true,"href":"https:\/\/www.ilmercoledi.news\/ilmercoledi\/news\/wp-json\/wp\/v2\/media\/17287"}],"wp:attachment":[{"href":"https:\/\/www.ilmercoledi.news\/ilmercoledi\/news\/wp-json\/wp\/v2\/media?parent=54780"}],"wp:term":[{"taxonomy":"category","embeddable":true,"href":"https:\/\/www.ilmercoledi.news\/ilmercoledi\/news\/wp-json\/wp\/v2\/categories?post=54780"},{"taxonomy":"post_tag","embeddable":true,"href":"https:\/\/www.ilmercoledi.news\/ilmercoledi\/news\/wp-json\/wp\/v2\/tags?post=54780"},{"taxonomy":"news-destination","embeddable":true,"href":"https:\/\/www.ilmercoledi.news\/ilmercoledi\/news\/wp-json\/wp\/v2\/news-destination?post=54780"},{"taxonomy":"news-source","embeddable":true,"href":"https:\/\/www.ilmercoledi.news\/ilmercoledi\/news\/wp-json\/wp\/v2\/news-source?post=54780"},{"taxonomy":"is_homepage","embeddable":true,"href":"https:\/\/www.ilmercoledi.news\/ilmercoledi\/news\/wp-json\/wp\/v2\/is_homepage?post=54780"},{"taxonomy":"ta_other","embeddable":true,"href":"https:\/\/www.ilmercoledi.news\/ilmercoledi\/news\/wp-json\/wp\/v2\/ta_other?post=54780"}],"curies":[{"name":"wp","href":"https:\/\/api.w.org\/{rel}","templated":true}]}}