{"id":54783,"date":"2023-08-01T07:18:38","date_gmt":"2023-08-01T05:18:38","guid":{"rendered":"https:\/\/euwps06.newsmemory.com\/ilmercoledi\/news\/?p=54783"},"modified":"2024-08-29T03:42:01","modified_gmt":"2023-11-03T03:42:01","slug":"carmagnola-incontro-pubblico-sulle-strategie-regionali-merito-mobilita-e-qualita-dellaria","status":"publish","type":"post","link":"https:\/\/www.ilmercoledi.news\/2023\/08\/01\/carmagnola-incontro-pubblico-sulle-strategie-regionali-merito-mobilita-e-qualita-dellaria\/","title":{"rendered":"CARMAGNOLA &#8211; Incontro pubblico sulle strategie regionali in merito a mobilit\u00e0 e qualit\u00e0 dell&#8217;aria"},"content":{"rendered":"<p>Venerd\u00ec 28 luglio presso la Biblioteca di CArmagnola si \u00e8 tenuto un incontro in cui la Regione Piemonte ha illustrato le S.U.A. &#8211; STRATEGIE URBANE D&#8217;AREA ai venti Sindaci del raggruppamento &#8220;Collina e pianura torinese&#8221;, di cui il Comune di Carmagnola \u00e8 capofila. Oltre 130 milioni per 200 Comuni in 14 aree della nostra regione. Mobilit\u00e0, qualit\u00e0 dell\u2019aria, valorizzazione del patrimonio turistico e culturale sono alcuni degli ambiti per cui gli enti locali possono presentare progetti per la riqualificazione del proprio territorio<\/p>\n<p>La Regione Piemonte era rappresentata dal Presidente Alberto Cirio, dall&#8217;Assessore Andrea Tronzano e dalla direzione competitivit\u00e0, con la sua direttrice Dott.ssa Paola Casagrande e il dirigente Dott. Mario Gobello<\/p>\n<p>La nostra Strategia Urbana d\u2019Area, intitolata &#8220;Collina e pianura torinese&#8221;, unisce venti Comuni nella ideazione di progetti da presentare a una serie di bandi comunitari, fondi del PNRR ma anche fondi FESR &#8211; Fondo Europeo di Sviluppo Regionale e fondi FSC &#8211; Fondo Sociale Comunitario.<\/p>\n<p>La nostra S.U.A. ha gi\u00e0 ottenuto un finanziamento per l&#8217;affidamento di un incarico a uno studio di consulenza che dovr\u00e0 individuare quali sono le aree di interesse che necessitano maggiori interventi, individuando da 3 a 10 progetti attraverso i quali accedere ai fondi FESR, che sino al 2027 prevedono circa 10 milioni di euro per la nostra S.U.A.<\/p>\n<p>&nbsp;<\/p>\n<p>&nbsp;<\/p>\n","protected":false},"excerpt":{"rendered":"","protected":false},"author":11,"featured_media":54782,"comment_status":"open","ping_status":"closed","sticky":false,"template":"","format":"standard","meta":[],"categories":[34],"tags":[],"news-destination":[],"news-source":[],"is_homepage":[581],"ta_other":[],"_links":{"self":[{"href":"https:\/\/www.ilmercoledi.news\/ilmercoledi\/news\/wp-json\/wp\/v2\/posts\/54783"}],"collection":[{"href":"https:\/\/www.ilmercoledi.news\/ilmercoledi\/news\/wp-json\/wp\/v2\/posts"}],"about":[{"href":"https:\/\/www.ilmercoledi.news\/ilmercoledi\/news\/wp-json\/wp\/v2\/types\/post"}],"author":[{"embeddable":true,"href":"https:\/\/www.ilmercoledi.news\/ilmercoledi\/news\/wp-json\/wp\/v2\/users\/11"}],"replies":[{"embeddable":true,"href":"https:\/\/www.ilmercoledi.news\/ilmercoledi\/news\/wp-json\/wp\/v2\/comments?post=54783"}],"version-history":[{"count":1,"href":"https:\/\/www.ilmercoledi.news\/ilmercoledi\/news\/wp-json\/wp\/v2\/posts\/54783\/revisions"}],"predecessor-version":[{"id":65873,"href":"https:\/\/www.ilmercoledi.news\/ilmercoledi\/news\/wp-json\/wp\/v2\/posts\/54783\/revisions\/65873"}],"wp:featuredmedia":[{"embeddable":true,"href":"https:\/\/www.ilmercoledi.news\/ilmercoledi\/news\/wp-json\/wp\/v2\/media\/54782"}],"wp:attachment":[{"href":"https:\/\/www.ilmercoledi.news\/ilmercoledi\/news\/wp-json\/wp\/v2\/media?parent=54783"}],"wp:term":[{"taxonomy":"category","embeddable":true,"href":"https:\/\/www.ilmercoledi.news\/ilmercoledi\/news\/wp-json\/wp\/v2\/categories?post=54783"},{"taxonomy":"post_tag","embeddable":true,"href":"https:\/\/www.ilmercoledi.news\/ilmercoledi\/news\/wp-json\/wp\/v2\/tags?post=54783"},{"taxonomy":"news-destination","embeddable":true,"href":"https:\/\/www.ilmercoledi.news\/ilmercoledi\/news\/wp-json\/wp\/v2\/news-destination?post=54783"},{"taxonomy":"news-source","embeddable":true,"href":"https:\/\/www.ilmercoledi.news\/ilmercoledi\/news\/wp-json\/wp\/v2\/news-source?post=54783"},{"taxonomy":"is_homepage","embeddable":true,"href":"https:\/\/www.ilmercoledi.news\/ilmercoledi\/news\/wp-json\/wp\/v2\/is_homepage?post=54783"},{"taxonomy":"ta_other","embeddable":true,"href":"https:\/\/www.ilmercoledi.news\/ilmercoledi\/news\/wp-json\/wp\/v2\/ta_other?post=54783"}],"curies":[{"name":"wp","href":"https:\/\/api.w.org\/{rel}","templated":true}]}}