{"id":548,"date":"2017-12-21T11:33:46","date_gmt":"2017-12-21T10:33:46","guid":{"rendered":"http:\/\/euwps02.tecnavia.com\/ilmercoledi\/news\/?p=548"},"modified":"2018-02-10T12:06:11","modified_gmt":"2018-02-10T11:06:11","slug":"cambiano-2018-regala-la-nuova-piazza-grosso","status":"publish","type":"post","link":"https:\/\/www.ilmercoledi.news\/2017\/12\/21\/cambiano-2018-regala-la-nuova-piazza-grosso\/","title":{"rendered":"Cambiano: piazza Giacomo Grosso, nuovo look nel 2018"},"content":{"rendered":"<p>CAMBIANO &#8211; Il periodo sperimentale della porzione pedonale di piazza Giacomo Grosso terminer\u00e0 il 31 dicembre, ma l\u2019anno nuovo oltre a portare la definizione di tale iniziativa garantir\u00e0 anche una serie di novit\u00e0 che renderanno la centralissima piazza del paese pi\u00f9 godibile, anche perch\u00e9 verr\u00e0 dotata di una grande scacchiera (disegnata al suolo) su cui sar\u00e0 possibile giocare con \u00abpezzi\u00bb giganti. Con il 2018 quindi l\u2019area antistante il Cannone d\u2019Oro diventer\u00e0 a tutti gli effetti uno spazio interdetto alle auto, non a caso dopo aver gi\u00e0 fatto cancellare la segnaletica orizzontale l\u2019amministrazione provveder\u00e0 a delimitare al meglio la sezione su cui trover\u00e0 posto anche la scacchiera gigante. Come prima cosa verranno installate quattro fioriere, una panchina e un contenitore per la raccolta dei rifiuti. A terra invece verranno dipinti i quadrati che formeranno la scacchiera sulla quale si potr\u00e0 giocare con torri, alfieri, re, regine, cavalli e pedoni alti circa un metro e 20. Ad acquistarli sarebbe il Comune che poi li lascerebbe in uso alla cittadinanza tramite una collaborazione con alcune associazioni scacchistiche presenti sul territorio. Progetto ancora in fase embrionale su cui sta lavorando l\u2019assessore Daniele Miron.<\/p>\n<p>La spesa per i nuovi arredi ammonta a 7mila euro e riguarda sei fioriere metalliche che delimiteranno lo spazio pedonabile di piazza Grosso, due cestoni per l\u2019immondizia (uno \u00e8 per piazza Vittorio), altrettante anfore con piante da esterno e panche in pietra (piazze Grosso e Vittorio).<\/p>\n","protected":false},"excerpt":{"rendered":"","protected":false},"author":10,"featured_media":549,"comment_status":"open","ping_status":"closed","sticky":false,"template":"","format":"standard","meta":[],"categories":[34],"tags":[],"news-destination":[],"news-source":[],"is_homepage":[],"ta_other":[],"_links":{"self":[{"href":"https:\/\/www.ilmercoledi.news\/ilmercoledi\/news\/wp-json\/wp\/v2\/posts\/548"}],"collection":[{"href":"https:\/\/www.ilmercoledi.news\/ilmercoledi\/news\/wp-json\/wp\/v2\/posts"}],"about":[{"href":"https:\/\/www.ilmercoledi.news\/ilmercoledi\/news\/wp-json\/wp\/v2\/types\/post"}],"author":[{"embeddable":true,"href":"https:\/\/www.ilmercoledi.news\/ilmercoledi\/news\/wp-json\/wp\/v2\/users\/10"}],"replies":[{"embeddable":true,"href":"https:\/\/www.ilmercoledi.news\/ilmercoledi\/news\/wp-json\/wp\/v2\/comments?post=548"}],"version-history":[{"count":3,"href":"https:\/\/www.ilmercoledi.news\/ilmercoledi\/news\/wp-json\/wp\/v2\/posts\/548\/revisions"}],"predecessor-version":[{"id":564,"href":"https:\/\/www.ilmercoledi.news\/ilmercoledi\/news\/wp-json\/wp\/v2\/posts\/548\/revisions\/564"}],"wp:featuredmedia":[{"embeddable":true,"href":"https:\/\/www.ilmercoledi.news\/ilmercoledi\/news\/wp-json\/wp\/v2\/media\/549"}],"wp:attachment":[{"href":"https:\/\/www.ilmercoledi.news\/ilmercoledi\/news\/wp-json\/wp\/v2\/media?parent=548"}],"wp:term":[{"taxonomy":"category","embeddable":true,"href":"https:\/\/www.ilmercoledi.news\/ilmercoledi\/news\/wp-json\/wp\/v2\/categories?post=548"},{"taxonomy":"post_tag","embeddable":true,"href":"https:\/\/www.ilmercoledi.news\/ilmercoledi\/news\/wp-json\/wp\/v2\/tags?post=548"},{"taxonomy":"news-destination","embeddable":true,"href":"https:\/\/www.ilmercoledi.news\/ilmercoledi\/news\/wp-json\/wp\/v2\/news-destination?post=548"},{"taxonomy":"news-source","embeddable":true,"href":"https:\/\/www.ilmercoledi.news\/ilmercoledi\/news\/wp-json\/wp\/v2\/news-source?post=548"},{"taxonomy":"is_homepage","embeddable":true,"href":"https:\/\/www.ilmercoledi.news\/ilmercoledi\/news\/wp-json\/wp\/v2\/is_homepage?post=548"},{"taxonomy":"ta_other","embeddable":true,"href":"https:\/\/www.ilmercoledi.news\/ilmercoledi\/news\/wp-json\/wp\/v2\/ta_other?post=548"}],"curies":[{"name":"wp","href":"https:\/\/api.w.org\/{rel}","templated":true}]}}