{"id":55006,"date":"2023-08-10T07:41:06","date_gmt":"2023-08-10T05:41:06","guid":{"rendered":"https:\/\/euwps06.newsmemory.com\/ilmercoledi\/news\/?p=55006"},"modified":"2024-08-29T03:42:00","modified_gmt":"2023-11-03T03:42:00","slug":"poirino-festa-di-san-rocco-le-modifiche-alla-viabilita","status":"publish","type":"post","link":"https:\/\/www.ilmercoledi.news\/2023\/08\/10\/poirino-festa-di-san-rocco-le-modifiche-alla-viabilita\/","title":{"rendered":"POIRINO &#8211; Festa di San Rocco, le modifiche alla viabilit\u00e0"},"content":{"rendered":"<p>In data 16 agosto dalle ore 8 alle ore 10:30 e dalle ore 14.30 alle ore 18.30 si svolger\u00e0 la festa di San Rocco a Poirino. LA manifestazione comporter\u00e0 delle modifiche alla viabilit\u00e0, nello specifico: preavviso di strada chiusa, a circa 80 metri, in Via Cavour all\u2019intersezione con Via De Amicis ; il divieto di transito ed il divieto di sosta, con rimozione forzata dei veicoli nel tratto di strada compreso tra Via Cavour dall\u2019intersezione con Via De Amicis all\u2019intersezione con Via Cavour, eccetto ai mezzi appartenenti alla manifestazione, ai mezzi di soccorso, ai mezzi delle forze dell\u2019ordine e di polizia. I mezzi appartenenti alla manifestazione non dovranno essere fonte di ostacolo e di intralcio per il regolare svolgimento della manifestazione e in caso di intervento dei mezzi di soccorso, delle forze dell\u2019ordine e di polizia. Obbligo di svolta a sinistra in Via Cavour con direzione Via Tripoli ai veicoli percorrenti e provenienti da Via De Amicis, obbligo di svolta a sinistra direzione Via Cavour per i veicoli proveniente da Via Tripoli e da Via De Amicis.<\/p>\n","protected":false},"excerpt":{"rendered":"","protected":false},"author":11,"featured_media":10288,"comment_status":"open","ping_status":"closed","sticky":false,"template":"","format":"standard","meta":[],"categories":[34],"tags":[],"news-destination":[],"news-source":[],"is_homepage":[581],"ta_other":[],"_links":{"self":[{"href":"https:\/\/www.ilmercoledi.news\/ilmercoledi\/news\/wp-json\/wp\/v2\/posts\/55006"}],"collection":[{"href":"https:\/\/www.ilmercoledi.news\/ilmercoledi\/news\/wp-json\/wp\/v2\/posts"}],"about":[{"href":"https:\/\/www.ilmercoledi.news\/ilmercoledi\/news\/wp-json\/wp\/v2\/types\/post"}],"author":[{"embeddable":true,"href":"https:\/\/www.ilmercoledi.news\/ilmercoledi\/news\/wp-json\/wp\/v2\/users\/11"}],"replies":[{"embeddable":true,"href":"https:\/\/www.ilmercoledi.news\/ilmercoledi\/news\/wp-json\/wp\/v2\/comments?post=55006"}],"version-history":[{"count":1,"href":"https:\/\/www.ilmercoledi.news\/ilmercoledi\/news\/wp-json\/wp\/v2\/posts\/55006\/revisions"}],"predecessor-version":[{"id":55007,"href":"https:\/\/www.ilmercoledi.news\/ilmercoledi\/news\/wp-json\/wp\/v2\/posts\/55006\/revisions\/55007"}],"wp:featuredmedia":[{"embeddable":true,"href":"https:\/\/www.ilmercoledi.news\/ilmercoledi\/news\/wp-json\/wp\/v2\/media\/10288"}],"wp:attachment":[{"href":"https:\/\/www.ilmercoledi.news\/ilmercoledi\/news\/wp-json\/wp\/v2\/media?parent=55006"}],"wp:term":[{"taxonomy":"category","embeddable":true,"href":"https:\/\/www.ilmercoledi.news\/ilmercoledi\/news\/wp-json\/wp\/v2\/categories?post=55006"},{"taxonomy":"post_tag","embeddable":true,"href":"https:\/\/www.ilmercoledi.news\/ilmercoledi\/news\/wp-json\/wp\/v2\/tags?post=55006"},{"taxonomy":"news-destination","embeddable":true,"href":"https:\/\/www.ilmercoledi.news\/ilmercoledi\/news\/wp-json\/wp\/v2\/news-destination?post=55006"},{"taxonomy":"news-source","embeddable":true,"href":"https:\/\/www.ilmercoledi.news\/ilmercoledi\/news\/wp-json\/wp\/v2\/news-source?post=55006"},{"taxonomy":"is_homepage","embeddable":true,"href":"https:\/\/www.ilmercoledi.news\/ilmercoledi\/news\/wp-json\/wp\/v2\/is_homepage?post=55006"},{"taxonomy":"ta_other","embeddable":true,"href":"https:\/\/www.ilmercoledi.news\/ilmercoledi\/news\/wp-json\/wp\/v2\/ta_other?post=55006"}],"curies":[{"name":"wp","href":"https:\/\/api.w.org\/{rel}","templated":true}]}}