{"id":55015,"date":"2023-08-10T14:40:13","date_gmt":"2023-08-10T12:40:13","guid":{"rendered":"https:\/\/euwps06.newsmemory.com\/ilmercoledi\/news\/?p=55015"},"modified":"2024-08-29T03:42:00","modified_gmt":"2023-11-03T03:42:00","slug":"sanita-nursind-alza-lallarme-sulla-fuga-di-infermieri","status":"publish","type":"post","link":"https:\/\/www.ilmercoledi.news\/2023\/08\/10\/sanita-nursind-alza-lallarme-sulla-fuga-di-infermieri\/","title":{"rendered":"SANITA&#8217; &#8211; Nursind alza l&#8217;allarme sulla fuga di infermieri"},"content":{"rendered":"<p>Il sindacato Nursind del comparto sanit\u00e0 alza nuovamente l&#8217;allerta sulla situazione dei pronto soccorso del Torinese, soprattutto riguardo alla continua fuga di infermieri. &#8220;L\u2019 abbandono della professione e l\u2019allontanamento dal servizio sanitario nazionale sta assumendo dimensioni preoccupanti &#8211; spiega il sindacato -, ogni giorno, qualcuno lascia e sommando questo dato all\u2019 uscita per pensionamenti, attualmente sono molto di pi\u00f9 quelli che escono rispetto a quelli che entrano o meglio che probabilmente entreranno. Una forbice che tender\u00e0 ad allargarsi in futuro, anche per un secondo fattore, non da poco conto. Infatti, i posti universitari a disposizione per infermieri non si riempiono e tra gli iscritti, solo il 75% finisce gli studi. Quindi, tenuto conto anche di questo importante elemento che dovrebbe far riflettere e non poco, perdiamo e pensioniamo pi\u00f9 infermieri di quante ne formiamo. D\u2019altro canto Italia e il Piemonte ancor di pi\u00f9 \u00e8 uno dei paesi pi\u00f9 anziano del mondo dove prevalgono patologie croniche e fragilit\u00e0 che richiedono poche prestazioni cliniche e lunghi percorsi assistenziali che prevedono un numero considerevole di infermieri per affrontarle. Nei pronto soccorso l\u201980% dei pazienti sono codici bianchi e verdi, ovvero non emergenze, separare i pazienti leggeri da quelli gravi, lasciando solo i secondi al lavoro del medico specializzato in emergenza\/urgenza sarebbe la risposta, come lo faremo non \u00e8 dato sapere&#8221;.<\/p>\n","protected":false},"excerpt":{"rendered":"","protected":false},"author":11,"featured_media":2028,"comment_status":"open","ping_status":"closed","sticky":false,"template":"","format":"standard","meta":[],"categories":[34],"tags":[],"news-destination":[],"news-source":[],"is_homepage":[581],"ta_other":[],"_links":{"self":[{"href":"https:\/\/www.ilmercoledi.news\/ilmercoledi\/news\/wp-json\/wp\/v2\/posts\/55015"}],"collection":[{"href":"https:\/\/www.ilmercoledi.news\/ilmercoledi\/news\/wp-json\/wp\/v2\/posts"}],"about":[{"href":"https:\/\/www.ilmercoledi.news\/ilmercoledi\/news\/wp-json\/wp\/v2\/types\/post"}],"author":[{"embeddable":true,"href":"https:\/\/www.ilmercoledi.news\/ilmercoledi\/news\/wp-json\/wp\/v2\/users\/11"}],"replies":[{"embeddable":true,"href":"https:\/\/www.ilmercoledi.news\/ilmercoledi\/news\/wp-json\/wp\/v2\/comments?post=55015"}],"version-history":[{"count":1,"href":"https:\/\/www.ilmercoledi.news\/ilmercoledi\/news\/wp-json\/wp\/v2\/posts\/55015\/revisions"}],"predecessor-version":[{"id":55018,"href":"https:\/\/www.ilmercoledi.news\/ilmercoledi\/news\/wp-json\/wp\/v2\/posts\/55015\/revisions\/55018"}],"wp:featuredmedia":[{"embeddable":true,"href":"https:\/\/www.ilmercoledi.news\/ilmercoledi\/news\/wp-json\/wp\/v2\/media\/2028"}],"wp:attachment":[{"href":"https:\/\/www.ilmercoledi.news\/ilmercoledi\/news\/wp-json\/wp\/v2\/media?parent=55015"}],"wp:term":[{"taxonomy":"category","embeddable":true,"href":"https:\/\/www.ilmercoledi.news\/ilmercoledi\/news\/wp-json\/wp\/v2\/categories?post=55015"},{"taxonomy":"post_tag","embeddable":true,"href":"https:\/\/www.ilmercoledi.news\/ilmercoledi\/news\/wp-json\/wp\/v2\/tags?post=55015"},{"taxonomy":"news-destination","embeddable":true,"href":"https:\/\/www.ilmercoledi.news\/ilmercoledi\/news\/wp-json\/wp\/v2\/news-destination?post=55015"},{"taxonomy":"news-source","embeddable":true,"href":"https:\/\/www.ilmercoledi.news\/ilmercoledi\/news\/wp-json\/wp\/v2\/news-source?post=55015"},{"taxonomy":"is_homepage","embeddable":true,"href":"https:\/\/www.ilmercoledi.news\/ilmercoledi\/news\/wp-json\/wp\/v2\/is_homepage?post=55015"},{"taxonomy":"ta_other","embeddable":true,"href":"https:\/\/www.ilmercoledi.news\/ilmercoledi\/news\/wp-json\/wp\/v2\/ta_other?post=55015"}],"curies":[{"name":"wp","href":"https:\/\/api.w.org\/{rel}","templated":true}]}}