{"id":55048,"date":"2023-08-14T11:27:57","date_gmt":"2023-08-14T09:27:57","guid":{"rendered":"https:\/\/euwps06.newsmemory.com\/ilmercoledi\/news\/?p=55048"},"modified":"2024-08-29T03:41:59","modified_gmt":"2023-11-03T03:41:59","slug":"ferragosto-musei-aperti-torino-e-provincia","status":"publish","type":"post","link":"https:\/\/www.ilmercoledi.news\/2023\/08\/14\/ferragosto-musei-aperti-torino-e-provincia\/","title":{"rendered":"FERRAGOSTO &#8211; Musei aperti a Torino e provincia"},"content":{"rendered":"<p>Sono tante le attivit\u00e0 per chi rimarr\u00e0 in citt\u00e0 il 15 agosto, tra le aperture straordinarie di musei, piscine e cinema, in attesa del Todays festival e della grande pallavolo dei campionati europei femminili del CEV Eurovolley.<\/p>\n<p><strong>I MUSEI<\/strong><\/p>\n<p>Tanti i musei aperti, che accoglieranno cittadini e turisti in cerca di un po\u2019 di refrigerio all\u2019insegna dell\u2019arte, a partire dai musei civici, che osserveranno un\u2019apertura straordinaria il 14 agosto in orario 10-18 e saranno aperti anche il 15 agosto con ingresso a tariffa speciale di un euro. Un biglietto dal prezzo simbolico, che permetter\u00e0 di visitare sia le collezioni permanenti, sia le esposizioni temporanee, con l\u2019eccezione di tre mostre &#8211; Bizantini a Palazzo Madama, Buddha 10 Reloaded al MAO e Viaggio al termine della statuaria alla GAM &#8211; visitabili con l\u2019aggiunta di un euro. Un\u2019occasione speciale sar\u00e0 offerta dalle visite guidate organizzate nei tre musei nella giornata di Ferragosto al prezzo di 6 euro, da prenotare all\u2019indirizzo email\u00a0prenotazioniftm@arteintorino.com\u00a0o al numero 0115211788.<\/p>\n<p>Il 15 agosto sar\u00e0 invece gratuito l\u2019accesso alle Gallerie d\u2019Italia, inclusa l\u2019esposizione temporanea Senza tempo, dedicata alla spettacolare fotografia in bianco e nero di Mimmo Jodice. Il museo di piazza San Carlo sar\u00e0 aperto anche il 14 agosto a tariffe ordinarie.<\/p>\n<p>Il Museo della Montagna sar\u00e0 aperto il 15 agosto con ingresso ridotto a 7 euro.<\/p>\n<p>Il Centro italiano per la fotografia CAMERA aprir\u00e0 a Ferragosto con ingresso libero alla mostra Futures 2023, mentre la personale della fotografa statunitense Dorothea Lange sar\u00e0 visitabile a tariffa ordinaria.<\/p>\n<p>Anche il Museo Pietro Micca, il Museo della Frutta, il Museo della Radio e il Museo Diffuso della Resistenza saranno accessibili il 15 agosto gratuitamente.<\/p>\n<p>I Musei reali, da poco promossi nella prima fascia dei musei italiani, tra cui spiccano indiscussi gioielli come il Colosseo, gli Uffizi e la reggia di Caserta, saranno visitabili a tariffa ordinaria il 14 agosto in orario 10-18 e il 15 agosto con orario prolungato 9-19.<\/p>\n<p>Il Museo nazionale del Cinema osserver\u00e0 apertura straordinaria con orario esteso 9-21 e una riduzione sul prezzo del biglietto. Dalle 11 alle 15, inoltre, si potr\u00e0 scoprire il museo accompagnati da guide esperte, al costo di 6 euro.<\/p>\n<p>Il Museo Egizio rester\u00e0 aperto al pubblico luned\u00ec 14 agosto con orario prolungato 9-18.30 e marted\u00ec 15 agosto con orario prolungato 9-21.<\/p>\n<p>Il complesso della Venaria Reale aprir\u00e0 le porte della reggia e delle mostre temporanee dalle 10 alle 19, dei giardini dalle 10 alle 20 e del castello della Mandria dalle 10 alle 17.<\/p>\n<p>Al parco del Valentino Ferragosto si festegger\u00e0 a partire dalle 13 con il buffet gratuito offerto dall\u2019Imbarchino e un pomeriggio musicale in collaborazione con Radio Banda Larga, per ballare al ritmo di una selezione musicale dub, roots e reggae.<\/p>\n<p>Il Mausoleo della Bela Rosin offrir\u00e0 invece il suo palcoscenico per due spettacoli di teatro e musica dal vivo: alle 17 Assemblea Teatro metter\u00e0 in scena Le donne del re, racconto delle vicende amorose di Vittorio Emanuele II, mentre alle 21 il Trio Marciano proporr\u00e0 Nuove varie divagazioni, con cui far\u00e0 rivivere al suo pubblico oltre 50 anni di storia del nostro Paese attraverso la canzone italiana e non.<\/p>\n<p>Gli appuntamenti dell\u2019Imbarchino e della Bela Rosin sono promossi da Citt\u00e0 e Fondazione per la Cultura Torino.<\/p>\n<p>Prosegue, infine, la rassegna di cinema all\u2019aperto itinerante dell\u2019associazione culturale Zampan\u00f2, che alle 21.30 proietter\u00e0 in piazza Don Delpiano il film I ponti di Madison County.<\/p>\n<p>&nbsp;<\/p>\n","protected":false},"excerpt":{"rendered":"","protected":false},"author":11,"featured_media":1523,"comment_status":"open","ping_status":"closed","sticky":false,"template":"","format":"standard","meta":[],"categories":[34],"tags":[],"news-destination":[],"news-source":[],"is_homepage":[581],"ta_other":[],"_links":{"self":[{"href":"https:\/\/www.ilmercoledi.news\/ilmercoledi\/news\/wp-json\/wp\/v2\/posts\/55048"}],"collection":[{"href":"https:\/\/www.ilmercoledi.news\/ilmercoledi\/news\/wp-json\/wp\/v2\/posts"}],"about":[{"href":"https:\/\/www.ilmercoledi.news\/ilmercoledi\/news\/wp-json\/wp\/v2\/types\/post"}],"author":[{"embeddable":true,"href":"https:\/\/www.ilmercoledi.news\/ilmercoledi\/news\/wp-json\/wp\/v2\/users\/11"}],"replies":[{"embeddable":true,"href":"https:\/\/www.ilmercoledi.news\/ilmercoledi\/news\/wp-json\/wp\/v2\/comments?post=55048"}],"version-history":[{"count":1,"href":"https:\/\/www.ilmercoledi.news\/ilmercoledi\/news\/wp-json\/wp\/v2\/posts\/55048\/revisions"}],"predecessor-version":[{"id":55096,"href":"https:\/\/www.ilmercoledi.news\/ilmercoledi\/news\/wp-json\/wp\/v2\/posts\/55048\/revisions\/55096"}],"wp:featuredmedia":[{"embeddable":true,"href":"https:\/\/www.ilmercoledi.news\/ilmercoledi\/news\/wp-json\/wp\/v2\/media\/1523"}],"wp:attachment":[{"href":"https:\/\/www.ilmercoledi.news\/ilmercoledi\/news\/wp-json\/wp\/v2\/media?parent=55048"}],"wp:term":[{"taxonomy":"category","embeddable":true,"href":"https:\/\/www.ilmercoledi.news\/ilmercoledi\/news\/wp-json\/wp\/v2\/categories?post=55048"},{"taxonomy":"post_tag","embeddable":true,"href":"https:\/\/www.ilmercoledi.news\/ilmercoledi\/news\/wp-json\/wp\/v2\/tags?post=55048"},{"taxonomy":"news-destination","embeddable":true,"href":"https:\/\/www.ilmercoledi.news\/ilmercoledi\/news\/wp-json\/wp\/v2\/news-destination?post=55048"},{"taxonomy":"news-source","embeddable":true,"href":"https:\/\/www.ilmercoledi.news\/ilmercoledi\/news\/wp-json\/wp\/v2\/news-source?post=55048"},{"taxonomy":"is_homepage","embeddable":true,"href":"https:\/\/www.ilmercoledi.news\/ilmercoledi\/news\/wp-json\/wp\/v2\/is_homepage?post=55048"},{"taxonomy":"ta_other","embeddable":true,"href":"https:\/\/www.ilmercoledi.news\/ilmercoledi\/news\/wp-json\/wp\/v2\/ta_other?post=55048"}],"curies":[{"name":"wp","href":"https:\/\/api.w.org\/{rel}","templated":true}]}}