{"id":55049,"date":"2023-08-14T11:17:00","date_gmt":"2023-08-14T09:17:00","guid":{"rendered":"https:\/\/euwps05.newsmemory.com\/ilmercoledi\/news\/?p=55049"},"modified":"2024-08-29T03:41:59","modified_gmt":"2023-11-03T03:41:59","slug":"nichelino-il-comune-destina-un-contributo-per-le-cooperative-che-lavorano-contrasto-per-la-poverta-educativa","status":"publish","type":"post","link":"https:\/\/www.ilmercoledi.news\/2023\/08\/14\/nichelino-il-comune-destina-un-contributo-per-le-cooperative-che-lavorano-contrasto-per-la-poverta-educativa\/","title":{"rendered":"NICHELINO &#8211; Il Comune destina un contributo per le cooperative che lavorano a contrasto per la povert\u00e0 educativa"},"content":{"rendered":"<p>La Citt\u00e0 di Nichelino condivide con gli Istituti Comprensivi e le scuole secondarie di secondo grado del territorio, le Agenzia Formative, i servizi del Consorzio CISA12, e i referenti del Sistema Orientamento Piemonte, il principio per cui l\u2019educazione e la tutela dei minori comporti necessariamente interventi di prevenzione e contrasto della povert\u00e0 educativa. Le Cooperative sociali Accomazzi, Quadrifoglio e Valdocco e l&#8217;Associazione &#8220;Terra Creativa&#8221; da tempo collaborano presso gli Istituti Comprensivi del Consorzio per l&#8217;attivazione e la conduzione di progetti finalizzati al contrasto delle povert\u00e0 educative e al supporto degli alunni e delle alunne che vivono le maggiori condizioni di fragilit\u00e0 e vulnerabilit\u00e0. L\u2019Amministrazione comunale ha deciso per un&#8217;istanza di contributo alle cooperative di 5mila euro.<\/p>\n","protected":false},"excerpt":{"rendered":"","protected":false},"author":11,"featured_media":49845,"comment_status":"open","ping_status":"closed","sticky":false,"template":"","format":"standard","meta":[],"categories":[34],"tags":[],"news-destination":[],"news-source":[],"is_homepage":[581],"ta_other":[],"_links":{"self":[{"href":"https:\/\/www.ilmercoledi.news\/ilmercoledi\/news\/wp-json\/wp\/v2\/posts\/55049"}],"collection":[{"href":"https:\/\/www.ilmercoledi.news\/ilmercoledi\/news\/wp-json\/wp\/v2\/posts"}],"about":[{"href":"https:\/\/www.ilmercoledi.news\/ilmercoledi\/news\/wp-json\/wp\/v2\/types\/post"}],"author":[{"embeddable":true,"href":"https:\/\/www.ilmercoledi.news\/ilmercoledi\/news\/wp-json\/wp\/v2\/users\/11"}],"replies":[{"embeddable":true,"href":"https:\/\/www.ilmercoledi.news\/ilmercoledi\/news\/wp-json\/wp\/v2\/comments?post=55049"}],"version-history":[{"count":1,"href":"https:\/\/www.ilmercoledi.news\/ilmercoledi\/news\/wp-json\/wp\/v2\/posts\/55049\/revisions"}],"predecessor-version":[{"id":55050,"href":"https:\/\/www.ilmercoledi.news\/ilmercoledi\/news\/wp-json\/wp\/v2\/posts\/55049\/revisions\/55050"}],"wp:featuredmedia":[{"embeddable":true,"href":"https:\/\/www.ilmercoledi.news\/ilmercoledi\/news\/wp-json\/wp\/v2\/media\/49845"}],"wp:attachment":[{"href":"https:\/\/www.ilmercoledi.news\/ilmercoledi\/news\/wp-json\/wp\/v2\/media?parent=55049"}],"wp:term":[{"taxonomy":"category","embeddable":true,"href":"https:\/\/www.ilmercoledi.news\/ilmercoledi\/news\/wp-json\/wp\/v2\/categories?post=55049"},{"taxonomy":"post_tag","embeddable":true,"href":"https:\/\/www.ilmercoledi.news\/ilmercoledi\/news\/wp-json\/wp\/v2\/tags?post=55049"},{"taxonomy":"news-destination","embeddable":true,"href":"https:\/\/www.ilmercoledi.news\/ilmercoledi\/news\/wp-json\/wp\/v2\/news-destination?post=55049"},{"taxonomy":"news-source","embeddable":true,"href":"https:\/\/www.ilmercoledi.news\/ilmercoledi\/news\/wp-json\/wp\/v2\/news-source?post=55049"},{"taxonomy":"is_homepage","embeddable":true,"href":"https:\/\/www.ilmercoledi.news\/ilmercoledi\/news\/wp-json\/wp\/v2\/is_homepage?post=55049"},{"taxonomy":"ta_other","embeddable":true,"href":"https:\/\/www.ilmercoledi.news\/ilmercoledi\/news\/wp-json\/wp\/v2\/ta_other?post=55049"}],"curies":[{"name":"wp","href":"https:\/\/api.w.org\/{rel}","templated":true}]}}