{"id":5509,"date":"2018-05-01T18:55:38","date_gmt":"2018-05-01T16:55:38","guid":{"rendered":"http:\/\/euwps02.tecnavia.com\/ilmercoledi\/news\/?p=5509"},"modified":"2018-05-01T18:55:39","modified_gmt":"2018-05-01T16:55:39","slug":"allelios-my-name-is-adil","status":"publish","type":"post","link":"https:\/\/www.ilmercoledi.news\/2018\/05\/01\/allelios-my-name-is-adil\/","title":{"rendered":"All&#8217;Elios &#8220;My name is Adil&#8221;"},"content":{"rendered":"<p>Mercoled\u00ec 2 maggio sul maxi schermo del Cinema Elios di piazza Verdi a Carmagnola alle 21 sar\u00e0 proiettato &#8220;My name is Adil&#8221;, la storia di un bambino che a 13 anni decide di attraversare il mare e raggiungere dal Marocco dov&#8217;\u00e8 nato l&#8217;Italia, dove suo padre lavora per sfamare la famiglia. La sua vita cambier\u00e0 direzione, ma le radici dei luoghi dov&#8217;\u00e8 nato e cresciuto non lo lasceranno mai davvero.<\/p>\n<p>Un film biografico\u00a0dalla genesi artistica e produttiva davvero singolare che vanta gi\u00e0 diversi premi.\u00a0Lo stesso<strong>\u00a0Gabriele Salvatores,<\/strong>\u00a0colpito dall&#8217;unicit\u00e0 del percorso umano e artistico del protagonista\/regista Adil Azzab, ha sostenuto la campagna di crowdfunding che ha reso possibile la realizzazione di un sogno altrimenti del tutto inaccessibile.<\/p>\n<p>Alla proiezione sar\u00e0 presente il regista\u00a0 e protagonista Adil Azzab.<\/p>\n","protected":false},"excerpt":{"rendered":"","protected":false},"author":4,"featured_media":5510,"comment_status":"open","ping_status":"closed","sticky":false,"template":"","format":"standard","meta":[],"categories":[9],"tags":[135,139,68,138,64,136,65,137],"news-destination":[],"news-source":[],"is_homepage":[],"ta_other":[],"_links":{"self":[{"href":"https:\/\/www.ilmercoledi.news\/ilmercoledi\/news\/wp-json\/wp\/v2\/posts\/5509"}],"collection":[{"href":"https:\/\/www.ilmercoledi.news\/ilmercoledi\/news\/wp-json\/wp\/v2\/posts"}],"about":[{"href":"https:\/\/www.ilmercoledi.news\/ilmercoledi\/news\/wp-json\/wp\/v2\/types\/post"}],"author":[{"embeddable":true,"href":"https:\/\/www.ilmercoledi.news\/ilmercoledi\/news\/wp-json\/wp\/v2\/users\/4"}],"replies":[{"embeddable":true,"href":"https:\/\/www.ilmercoledi.news\/ilmercoledi\/news\/wp-json\/wp\/v2\/comments?post=5509"}],"version-history":[{"count":1,"href":"https:\/\/www.ilmercoledi.news\/ilmercoledi\/news\/wp-json\/wp\/v2\/posts\/5509\/revisions"}],"predecessor-version":[{"id":5511,"href":"https:\/\/www.ilmercoledi.news\/ilmercoledi\/news\/wp-json\/wp\/v2\/posts\/5509\/revisions\/5511"}],"wp:featuredmedia":[{"embeddable":true,"href":"https:\/\/www.ilmercoledi.news\/ilmercoledi\/news\/wp-json\/wp\/v2\/media\/5510"}],"wp:attachment":[{"href":"https:\/\/www.ilmercoledi.news\/ilmercoledi\/news\/wp-json\/wp\/v2\/media?parent=5509"}],"wp:term":[{"taxonomy":"category","embeddable":true,"href":"https:\/\/www.ilmercoledi.news\/ilmercoledi\/news\/wp-json\/wp\/v2\/categories?post=5509"},{"taxonomy":"post_tag","embeddable":true,"href":"https:\/\/www.ilmercoledi.news\/ilmercoledi\/news\/wp-json\/wp\/v2\/tags?post=5509"},{"taxonomy":"news-destination","embeddable":true,"href":"https:\/\/www.ilmercoledi.news\/ilmercoledi\/news\/wp-json\/wp\/v2\/news-destination?post=5509"},{"taxonomy":"news-source","embeddable":true,"href":"https:\/\/www.ilmercoledi.news\/ilmercoledi\/news\/wp-json\/wp\/v2\/news-source?post=5509"},{"taxonomy":"is_homepage","embeddable":true,"href":"https:\/\/www.ilmercoledi.news\/ilmercoledi\/news\/wp-json\/wp\/v2\/is_homepage?post=5509"},{"taxonomy":"ta_other","embeddable":true,"href":"https:\/\/www.ilmercoledi.news\/ilmercoledi\/news\/wp-json\/wp\/v2\/ta_other?post=5509"}],"curies":[{"name":"wp","href":"https:\/\/api.w.org\/{rel}","templated":true}]}}