{"id":55143,"date":"2023-08-17T07:46:43","date_gmt":"2023-08-17T05:46:43","guid":{"rendered":"https:\/\/euwps05.newsmemory.com\/ilmercoledi\/news\/?p=55143"},"modified":"2024-08-29T03:41:59","modified_gmt":"2023-11-03T03:41:59","slug":"carmagnola-torna-la-fattoria-citta-piazza-italia-20230817-0546-435619","status":"publish","type":"post","link":"https:\/\/www.ilmercoledi.news\/2023\/08\/17\/carmagnola-torna-la-fattoria-citta-piazza-italia-20230817-0546-435619\/","title":{"rendered":"CARMAGNOLA &#8211; Torna la Fattoria in citt\u00e0 in piazza Italia"},"content":{"rendered":"<p>Domenica 20 agosto \u00e8 in programma in nuovo appuntamento di &#8220;Fattoria in citt\u00e0&#8221; a Carmagnola: esposizione di animali di bassa corte e di animali da compagnia ed affezione di piccola taglia. \ud835\udde2\ud835\uddf4\ud835\uddfb\ud835\uddf6 \ud835\ude01\ud835\uddf2\ud835\uddff\ud835\ude07\ud835\uddee \ud835\uddf1\ud835\uddfc\ud835\uddfa\ud835\uddf2\ud835\uddfb\ud835\uddf6\ud835\uddf0\ud835\uddee \ud835\uddf1\ud835\uddf2\ud835\uddf9 \ud835\uddfa\ud835\uddf2\ud835\ude00\ud835\uddf2, dalle 8:00 alle 13:00, l&#8217;area di Piazza Italia diventa il luogo ideale in cui bambini e famiglie possono curiosare tra conigli, galline, pappagallini e tante altre specie in esposizione!<\/p>\n<p>Ci sar\u00e0 inoltre il \u201c\ud835\udde0\ud835\uddf2\ud835\uddff\ud835\uddf0\ud835\uddee\ud835\ude01\ud835\uddfc \ud835\uddf1\ud835\uddf2\ud835\uddf6 \ud835\uddfd\ud835\uddff\ud835\uddfc\ud835\uddf1\ud835\ude02\ud835\ude01\ud835\ude01\ud835\uddfc\ud835\uddff\ud835\uddf6 \ud835\uddee\ud835\uddf4\ud835\uddff\ud835\uddf6\ud835\uddf0\ud835\uddfc\ud835\uddf9\ud835\uddf6 \ud835\uddf2\ud835\uddf1 \ud835\uddee\ud835\uddff\ud835\ude01\ud835\uddf6\ud835\uddf4\ud835\uddf6\ud835\uddee\ud835\uddfb\ud835\uddf6 \ud835\uddf1\ud835\uddf2\ud835\uddf9 \ud835\uddf0\ud835\uddf6\ud835\uddef\ud835\uddfc\u201d con la partecipazione delle aziende locali che proporranno i prodotti tipici del nostro territorio!<\/p>\n<p>Info: Ufficio Agricoltura 011 9724220<\/p>\n<p>agricoltura@comune.carmagnola.to.it<\/p>\n<p>L&#8217;iniziativa viene proposta con il sostegno della Banca Territori del Monviso<\/p>\n<p>\ud835\uddda\ud835\uddf9\ud835\uddf6 \ud835\uddf2\ud835\ude00\ud835\uddfd\ud835\uddfc\ud835\ude00\ud835\uddf6\ud835\ude01\ud835\uddfc\ud835\uddff\ud835\uddf6 interessati a partecipare ai prossimi appuntamenti \ud835\uddf1\ud835\uddfc\ud835\ude03\ud835\uddff\ud835\uddee\ud835\uddfb\ud835\uddfb\ud835\uddfc \ud835\uddf6\ud835\ude00\ud835\uddf0\ud835\uddff\ud835\uddf6\ud835\ude03\ud835\uddf2\ud835\uddff\ud835\ude00\ud835\uddf6 \ud835\uddf2\ud835\uddfb\ud835\ude01\ud835\uddff\ud835\uddfc \ud835\uddf6\ud835\uddf9 \ud835\uddf4\ud835\uddf6\ud835\uddfc\ud835\uddff\ud835\uddfb\ud835\uddfc \ud835\udff3 \ud835\uddf1\ud835\uddf6 \ud835\uddfc\ud835\uddf4\ud835\uddfb\ud835\uddf6 \ud835\uddfa\ud835\uddf2\ud835\ude00\ud835\uddf2 \ud835\uddfd\ud835\uddff\ud835\uddf2\ud835\ude00\ud835\ude00\ud835\uddfc \ud835\uddf9\u2019\ud835\udde8\ud835\uddf3\ud835\uddf3\ud835\uddf6\ud835\uddf0\ud835\uddf6\ud835\uddfc \ud835\uddd4\ud835\uddf4\ud835\uddff\ud835\uddf6\ud835\uddf0\ud835\uddfc\ud835\uddf9\ud835\ude01\ud835\ude02\ud835\uddff\ud835\uddee \ud835\uddf1\ud835\uddf2\ud835\uddf9 \ud835\uddd6\ud835\uddfc\ud835\uddfa\ud835\ude02\ud835\uddfb\ud835\uddf2 \ud835\uddf1\ud835\uddf6 \ud835\uddd6\ud835\uddee\ud835\uddff\ud835\uddfa\ud835\uddee\ud835\uddf4\ud835\uddfb\ud835\uddfc\ud835\uddf9\ud835\uddee, telefonando ai numeri 011\/9724220 \u2013 9724257 oppure mandando una email a agricoltura@comune.carmagnola.to.it<\/p>\n<p>&nbsp;<\/p>\n","protected":false},"excerpt":{"rendered":"","protected":false},"author":11,"featured_media":21930,"comment_status":"open","ping_status":"closed","sticky":false,"template":"","format":"standard","meta":[],"categories":[34],"tags":[],"news-destination":[],"news-source":[],"is_homepage":[581],"ta_other":[],"_links":{"self":[{"href":"https:\/\/www.ilmercoledi.news\/ilmercoledi\/news\/wp-json\/wp\/v2\/posts\/55143"}],"collection":[{"href":"https:\/\/www.ilmercoledi.news\/ilmercoledi\/news\/wp-json\/wp\/v2\/posts"}],"about":[{"href":"https:\/\/www.ilmercoledi.news\/ilmercoledi\/news\/wp-json\/wp\/v2\/types\/post"}],"author":[{"embeddable":true,"href":"https:\/\/www.ilmercoledi.news\/ilmercoledi\/news\/wp-json\/wp\/v2\/users\/11"}],"replies":[{"embeddable":true,"href":"https:\/\/www.ilmercoledi.news\/ilmercoledi\/news\/wp-json\/wp\/v2\/comments?post=55143"}],"version-history":[{"count":1,"href":"https:\/\/www.ilmercoledi.news\/ilmercoledi\/news\/wp-json\/wp\/v2\/posts\/55143\/revisions"}],"predecessor-version":[{"id":65725,"href":"https:\/\/www.ilmercoledi.news\/ilmercoledi\/news\/wp-json\/wp\/v2\/posts\/55143\/revisions\/65725"}],"wp:featuredmedia":[{"embeddable":true,"href":"https:\/\/www.ilmercoledi.news\/ilmercoledi\/news\/wp-json\/wp\/v2\/media\/21930"}],"wp:attachment":[{"href":"https:\/\/www.ilmercoledi.news\/ilmercoledi\/news\/wp-json\/wp\/v2\/media?parent=55143"}],"wp:term":[{"taxonomy":"category","embeddable":true,"href":"https:\/\/www.ilmercoledi.news\/ilmercoledi\/news\/wp-json\/wp\/v2\/categories?post=55143"},{"taxonomy":"post_tag","embeddable":true,"href":"https:\/\/www.ilmercoledi.news\/ilmercoledi\/news\/wp-json\/wp\/v2\/tags?post=55143"},{"taxonomy":"news-destination","embeddable":true,"href":"https:\/\/www.ilmercoledi.news\/ilmercoledi\/news\/wp-json\/wp\/v2\/news-destination?post=55143"},{"taxonomy":"news-source","embeddable":true,"href":"https:\/\/www.ilmercoledi.news\/ilmercoledi\/news\/wp-json\/wp\/v2\/news-source?post=55143"},{"taxonomy":"is_homepage","embeddable":true,"href":"https:\/\/www.ilmercoledi.news\/ilmercoledi\/news\/wp-json\/wp\/v2\/is_homepage?post=55143"},{"taxonomy":"ta_other","embeddable":true,"href":"https:\/\/www.ilmercoledi.news\/ilmercoledi\/news\/wp-json\/wp\/v2\/ta_other?post=55143"}],"curies":[{"name":"wp","href":"https:\/\/api.w.org\/{rel}","templated":true}]}}