{"id":55155,"date":"2023-08-17T15:56:20","date_gmt":"2023-08-17T13:56:20","guid":{"rendered":"https:\/\/euwps06.newsmemory.com\/ilmercoledi\/news\/?p=55155"},"modified":"2024-08-29T03:41:59","modified_gmt":"2023-11-03T03:41:59","slug":"carmagnola-la-recinzione-metallica-copre-le-panchine-pubbliche-il-comune-interviene","status":"publish","type":"post","link":"https:\/\/www.ilmercoledi.news\/2023\/08\/17\/carmagnola-la-recinzione-metallica-copre-le-panchine-pubbliche-il-comune-interviene\/","title":{"rendered":"CARMAGNOLA &#8211; La recinzione metallica copre le panchine pubbliche, il Comune interviene"},"content":{"rendered":"<p>&#8220;C&#8217;\u00e8 una struttura di rete metallica che separa le panchine dall&#8217;area giochi, nei giardini comunali. Se si spostasse la rete di mezzo metro , i genitori e soprattutto i nonni, potrebbero seguire i bambini, in modo pi\u00f9 agevole&#8221;. La lamentela \u00e8 arrivata sui social e si riferisce alle installazioni per la fiera del Peperone di Carmagnola. Quella recinzione per\u00f2 non \u00e8 andata gi\u00f9 ad alcuni e hanno segnalato la cosa in Comune. Palazzo civico che si \u00e8 adoperato subito per ovviare all&#8217;inconveniente, facendo spostare la recinzione &#8220;liberando&#8221; le panchine.<\/p>\n","protected":false},"excerpt":{"rendered":"","protected":false},"author":11,"featured_media":55154,"comment_status":"open","ping_status":"closed","sticky":false,"template":"","format":"standard","meta":[],"categories":[34],"tags":[],"news-destination":[],"news-source":[],"is_homepage":[581],"ta_other":[],"_links":{"self":[{"href":"https:\/\/www.ilmercoledi.news\/ilmercoledi\/news\/wp-json\/wp\/v2\/posts\/55155"}],"collection":[{"href":"https:\/\/www.ilmercoledi.news\/ilmercoledi\/news\/wp-json\/wp\/v2\/posts"}],"about":[{"href":"https:\/\/www.ilmercoledi.news\/ilmercoledi\/news\/wp-json\/wp\/v2\/types\/post"}],"author":[{"embeddable":true,"href":"https:\/\/www.ilmercoledi.news\/ilmercoledi\/news\/wp-json\/wp\/v2\/users\/11"}],"replies":[{"embeddable":true,"href":"https:\/\/www.ilmercoledi.news\/ilmercoledi\/news\/wp-json\/wp\/v2\/comments?post=55155"}],"version-history":[{"count":1,"href":"https:\/\/www.ilmercoledi.news\/ilmercoledi\/news\/wp-json\/wp\/v2\/posts\/55155\/revisions"}],"predecessor-version":[{"id":65743,"href":"https:\/\/www.ilmercoledi.news\/ilmercoledi\/news\/wp-json\/wp\/v2\/posts\/55155\/revisions\/65743"}],"wp:featuredmedia":[{"embeddable":true,"href":"https:\/\/www.ilmercoledi.news\/ilmercoledi\/news\/wp-json\/wp\/v2\/media\/55154"}],"wp:attachment":[{"href":"https:\/\/www.ilmercoledi.news\/ilmercoledi\/news\/wp-json\/wp\/v2\/media?parent=55155"}],"wp:term":[{"taxonomy":"category","embeddable":true,"href":"https:\/\/www.ilmercoledi.news\/ilmercoledi\/news\/wp-json\/wp\/v2\/categories?post=55155"},{"taxonomy":"post_tag","embeddable":true,"href":"https:\/\/www.ilmercoledi.news\/ilmercoledi\/news\/wp-json\/wp\/v2\/tags?post=55155"},{"taxonomy":"news-destination","embeddable":true,"href":"https:\/\/www.ilmercoledi.news\/ilmercoledi\/news\/wp-json\/wp\/v2\/news-destination?post=55155"},{"taxonomy":"news-source","embeddable":true,"href":"https:\/\/www.ilmercoledi.news\/ilmercoledi\/news\/wp-json\/wp\/v2\/news-source?post=55155"},{"taxonomy":"is_homepage","embeddable":true,"href":"https:\/\/www.ilmercoledi.news\/ilmercoledi\/news\/wp-json\/wp\/v2\/is_homepage?post=55155"},{"taxonomy":"ta_other","embeddable":true,"href":"https:\/\/www.ilmercoledi.news\/ilmercoledi\/news\/wp-json\/wp\/v2\/ta_other?post=55155"}],"curies":[{"name":"wp","href":"https:\/\/api.w.org\/{rel}","templated":true}]}}