{"id":55158,"date":"2023-08-17T15:58:40","date_gmt":"2023-08-17T13:58:40","guid":{"rendered":"https:\/\/euwps05.newsmemory.com\/ilmercoledi\/news\/?p=55158"},"modified":"2024-08-29T03:41:59","modified_gmt":"2023-11-03T03:41:59","slug":"pecetto-la-gara-per-affidare-locali-pubblici-su-piazzale-delle-ciliege-scade-il-26-settembre","status":"publish","type":"post","link":"https:\/\/www.ilmercoledi.news\/2023\/08\/17\/pecetto-la-gara-per-affidare-locali-pubblici-su-piazzale-delle-ciliege-scade-il-26-settembre\/","title":{"rendered":"PECETTO &#8211; La gara per affidare i locali pubblici su piazzale delle Ciliege scade il 26 settembre"},"content":{"rendered":"<p>L\u2019Amministrazione Comunale invita i soggetti interessati a presentare una proposta, che tenga conto delle linee guida definite, per la gestione dei locali situati sul Piazzale delle Ciliegie per\u00a0attivit\u00e0 commerciale e centro di aggregazione<b>.<\/b><\/p>\n<p>Si intende affidare la gestione di uno spazio multifunzionale ad un concessionario che dovr\u00e0 gestire un servizio di caffetteria e di piccola ristorazione e dovr\u00e0 favorire la realizzazione, in sinergia con il Comune, le associazioni locali ed il terzo settore, di attivit\u00e0 di richiamo sotto il profilo sociale e culturale e che possa essere di riferimento per la valorizzazione dei prodotti tipici, per la promozione del territorio e per le informazioni turistiche, in un\u2019ottica di coesione sociale e di sostenibilit\u00e0 ambientale, economica e sociale.<\/p>\n<p>Il\u00a0termine\u00a0per la presentazione delle offerte \u00e8 il\u00a022 settembre 2023, ore 12.La\u00a0gara\u00a0si svolger\u00e0 il\u00a026 settembre 2023 alle ore 9.30.<\/p>\n","protected":false},"excerpt":{"rendered":"","protected":false},"author":11,"featured_media":53402,"comment_status":"open","ping_status":"closed","sticky":false,"template":"","format":"standard","meta":[],"categories":[34],"tags":[],"news-destination":[],"news-source":[],"is_homepage":[581],"ta_other":[],"_links":{"self":[{"href":"https:\/\/www.ilmercoledi.news\/ilmercoledi\/news\/wp-json\/wp\/v2\/posts\/55158"}],"collection":[{"href":"https:\/\/www.ilmercoledi.news\/ilmercoledi\/news\/wp-json\/wp\/v2\/posts"}],"about":[{"href":"https:\/\/www.ilmercoledi.news\/ilmercoledi\/news\/wp-json\/wp\/v2\/types\/post"}],"author":[{"embeddable":true,"href":"https:\/\/www.ilmercoledi.news\/ilmercoledi\/news\/wp-json\/wp\/v2\/users\/11"}],"replies":[{"embeddable":true,"href":"https:\/\/www.ilmercoledi.news\/ilmercoledi\/news\/wp-json\/wp\/v2\/comments?post=55158"}],"version-history":[{"count":1,"href":"https:\/\/www.ilmercoledi.news\/ilmercoledi\/news\/wp-json\/wp\/v2\/posts\/55158\/revisions"}],"predecessor-version":[{"id":65735,"href":"https:\/\/www.ilmercoledi.news\/ilmercoledi\/news\/wp-json\/wp\/v2\/posts\/55158\/revisions\/65735"}],"wp:featuredmedia":[{"embeddable":true,"href":"https:\/\/www.ilmercoledi.news\/ilmercoledi\/news\/wp-json\/wp\/v2\/media\/53402"}],"wp:attachment":[{"href":"https:\/\/www.ilmercoledi.news\/ilmercoledi\/news\/wp-json\/wp\/v2\/media?parent=55158"}],"wp:term":[{"taxonomy":"category","embeddable":true,"href":"https:\/\/www.ilmercoledi.news\/ilmercoledi\/news\/wp-json\/wp\/v2\/categories?post=55158"},{"taxonomy":"post_tag","embeddable":true,"href":"https:\/\/www.ilmercoledi.news\/ilmercoledi\/news\/wp-json\/wp\/v2\/tags?post=55158"},{"taxonomy":"news-destination","embeddable":true,"href":"https:\/\/www.ilmercoledi.news\/ilmercoledi\/news\/wp-json\/wp\/v2\/news-destination?post=55158"},{"taxonomy":"news-source","embeddable":true,"href":"https:\/\/www.ilmercoledi.news\/ilmercoledi\/news\/wp-json\/wp\/v2\/news-source?post=55158"},{"taxonomy":"is_homepage","embeddable":true,"href":"https:\/\/www.ilmercoledi.news\/ilmercoledi\/news\/wp-json\/wp\/v2\/is_homepage?post=55158"},{"taxonomy":"ta_other","embeddable":true,"href":"https:\/\/www.ilmercoledi.news\/ilmercoledi\/news\/wp-json\/wp\/v2\/ta_other?post=55158"}],"curies":[{"name":"wp","href":"https:\/\/api.w.org\/{rel}","templated":true}]}}