{"id":55191,"date":"2023-08-21T14:58:17","date_gmt":"2023-08-21T12:58:17","guid":{"rendered":"https:\/\/euwps06.newsmemory.com\/ilmercoledi\/news\/?p=55191"},"modified":"2024-08-29T03:41:58","modified_gmt":"2023-11-03T03:41:58","slug":"cambiano-arriva-anche-comune-il-gender-equality-plan","status":"publish","type":"post","link":"https:\/\/www.ilmercoledi.news\/2023\/08\/21\/cambiano-arriva-anche-comune-il-gender-equality-plan\/","title":{"rendered":"CAMBIANO &#8211; Arriva anche in Comune il Gender Equality Plan"},"content":{"rendered":"<p>Molti Comuni, consci dell\u2019importanza che il Gender Equality Plan assume all\u2019interno della programmazione strategica sia locale che internazionale, hanno risposto all\u2019offerta della Citt\u00e0 metropolitana di Torino di mettere a disposizione come modello il suo Gep e si sono dotati di un loro Piano:\u00a0Albiano, Almese, Cambiano, Chiesanuova, Ivrea, Montanaro\u00a0si sono aggiunte a\u00a0Torino e Nichelino, mentre quelli\u00a0di\u00a0Chieri\u00a0e Strambino\u00a0sono\u00a0in corso di approvazione.<\/p>\n<p>Il Gep (Gender Equality Plan) \u00e8\u00a0un insieme di disposizioni e azioni volte ad assicurare l\u2019uguaglianza di genere e rendere strutturali le\u00a0opportunit\u00e0 tra donne e uomini in ogni ambito della societ\u00e0 prevedendo l&#8217;integrazione di una prospettiva di genere nell&#8217;attivit\u00e0 di realizzazione delle politiche.<\/p>\n<p>Per favorire la diffusione di questa visione l&#8217;Unione Europea ha previsto l&#8217;obbligo, per\u00a0i soggetti che intendono accedere ai finanziamenti derivanti da Horizon Europe, di dotarsi di un Gender Equality Plan (GEP), ossia un documento composto da un insieme di disposizioni e azioni volte ad assicurare l&#8217;uguaglianza di genere.<\/p>\n<p>\u201cGi\u00e0 a partire dalla primavera del 2022, raccogliendo la proposta proveniente dalla Commissione Europea, la Citt\u00e0 metropolitana si \u00e8 dotata di un proprio Gep\u201d spiega la\u00a0consigliera metropolitana alle politcihe sociali e di parit\u00e0 Valentina Cera. \u201cIl Gep \u00e8 stato approvato dal Consiglio metropolitano nel dicembre 2022 e messo a disposizione dei Comuni, che possono ricevere dalla Citt\u00e0 metropolitana le informazioni e gli strumenti necessari per poter contrastare le disparit\u00e0 di genere. Ritengo che nei prossimi mesi altri Comuni si aggiungeranno e metteranno a punto il loro Gep: la scelta della Commissione di vincolare l\u2019accesso ai finanziamenti europei al possesso di un Gep non \u00e8 un vincolo ma aprir\u00e0 a un dialogo europeo ed internazionale sul tema dei diritti e della parit\u00e0 di genere\u201d.<\/p>\n<p>&nbsp;<\/p>\n<p>I temi individuati dal Gender Equality Plan metropolitano sono quelli delineati dall\u2019Unione Europea: cultura di genere nell&#8217;organizzazione e conciliazione della vita privata e lavorativa; equilibrio di genere nelle posizioni di vertice e negli organi decisionali; parit\u00e0 di genere nel reclutamento e nelle progressioni di carriera; integrazione della dimensione di genere nelle funzioni dei dipartimenti e delle direzioni della Citt\u00e0 metropolitana; contrasto alle molestie e alla violenza di genere<\/p>\n","protected":false},"excerpt":{"rendered":"","protected":false},"author":11,"featured_media":39647,"comment_status":"open","ping_status":"closed","sticky":false,"template":"","format":"standard","meta":[],"categories":[34],"tags":[],"news-destination":[],"news-source":[],"is_homepage":[581],"ta_other":[],"_links":{"self":[{"href":"https:\/\/www.ilmercoledi.news\/ilmercoledi\/news\/wp-json\/wp\/v2\/posts\/55191"}],"collection":[{"href":"https:\/\/www.ilmercoledi.news\/ilmercoledi\/news\/wp-json\/wp\/v2\/posts"}],"about":[{"href":"https:\/\/www.ilmercoledi.news\/ilmercoledi\/news\/wp-json\/wp\/v2\/types\/post"}],"author":[{"embeddable":true,"href":"https:\/\/www.ilmercoledi.news\/ilmercoledi\/news\/wp-json\/wp\/v2\/users\/11"}],"replies":[{"embeddable":true,"href":"https:\/\/www.ilmercoledi.news\/ilmercoledi\/news\/wp-json\/wp\/v2\/comments?post=55191"}],"version-history":[{"count":1,"href":"https:\/\/www.ilmercoledi.news\/ilmercoledi\/news\/wp-json\/wp\/v2\/posts\/55191\/revisions"}],"predecessor-version":[{"id":55193,"href":"https:\/\/www.ilmercoledi.news\/ilmercoledi\/news\/wp-json\/wp\/v2\/posts\/55191\/revisions\/55193"}],"wp:featuredmedia":[{"embeddable":true,"href":"https:\/\/www.ilmercoledi.news\/ilmercoledi\/news\/wp-json\/wp\/v2\/media\/39647"}],"wp:attachment":[{"href":"https:\/\/www.ilmercoledi.news\/ilmercoledi\/news\/wp-json\/wp\/v2\/media?parent=55191"}],"wp:term":[{"taxonomy":"category","embeddable":true,"href":"https:\/\/www.ilmercoledi.news\/ilmercoledi\/news\/wp-json\/wp\/v2\/categories?post=55191"},{"taxonomy":"post_tag","embeddable":true,"href":"https:\/\/www.ilmercoledi.news\/ilmercoledi\/news\/wp-json\/wp\/v2\/tags?post=55191"},{"taxonomy":"news-destination","embeddable":true,"href":"https:\/\/www.ilmercoledi.news\/ilmercoledi\/news\/wp-json\/wp\/v2\/news-destination?post=55191"},{"taxonomy":"news-source","embeddable":true,"href":"https:\/\/www.ilmercoledi.news\/ilmercoledi\/news\/wp-json\/wp\/v2\/news-source?post=55191"},{"taxonomy":"is_homepage","embeddable":true,"href":"https:\/\/www.ilmercoledi.news\/ilmercoledi\/news\/wp-json\/wp\/v2\/is_homepage?post=55191"},{"taxonomy":"ta_other","embeddable":true,"href":"https:\/\/www.ilmercoledi.news\/ilmercoledi\/news\/wp-json\/wp\/v2\/ta_other?post=55191"}],"curies":[{"name":"wp","href":"https:\/\/api.w.org\/{rel}","templated":true}]}}