{"id":55222,"date":"2023-08-22T14:18:27","date_gmt":"2023-08-22T12:18:27","guid":{"rendered":"https:\/\/euwps05.newsmemory.com\/ilmercoledi\/news\/?p=55222"},"modified":"2024-08-29T03:41:58","modified_gmt":"2023-11-03T03:41:58","slug":"vinovo-si-apre-la-mostra-la-citta-delle-meraviglie","status":"publish","type":"post","link":"https:\/\/www.ilmercoledi.news\/2023\/08\/22\/vinovo-si-apre-la-mostra-la-citta-delle-meraviglie\/","title":{"rendered":"VINOVO &#8211; Si apre la mostra &#8216;La Citt\u00e0 delle Meraviglie&#8217;"},"content":{"rendered":"<p>Il 25 agosto alle ore 18 verr\u00e0 inaugurata la mostra &#8220;La Citt\u00e0 delle Meraviglie&#8221; presso il Castello Della Rovere di Vinovo a cura dell&#8217;Associazione Amici del Castello e l&#8217;Associazione Amici di Italia 61<\/p>\n<p>Orari di apertura:<\/p>\n<p>Sabato 26 e Domenica 27 agosto 16.00-22.00<\/p>\n<p>Luned\u00ec 28, Marted\u00ec 29 e Mercoled\u00ec 30 agosto orario continuato 19.30-22.00<\/p>\n<p>Sabato 2 e Domenica 3 settembre 16.00-18.30<\/p>\n<p>&nbsp;<\/p>\n<p>&nbsp;<\/p>\n","protected":false},"excerpt":{"rendered":"","protected":false},"author":11,"featured_media":47206,"comment_status":"open","ping_status":"closed","sticky":false,"template":"","format":"standard","meta":[],"categories":[34],"tags":[],"news-destination":[],"news-source":[],"is_homepage":[581],"ta_other":[],"_links":{"self":[{"href":"https:\/\/www.ilmercoledi.news\/ilmercoledi\/news\/wp-json\/wp\/v2\/posts\/55222"}],"collection":[{"href":"https:\/\/www.ilmercoledi.news\/ilmercoledi\/news\/wp-json\/wp\/v2\/posts"}],"about":[{"href":"https:\/\/www.ilmercoledi.news\/ilmercoledi\/news\/wp-json\/wp\/v2\/types\/post"}],"author":[{"embeddable":true,"href":"https:\/\/www.ilmercoledi.news\/ilmercoledi\/news\/wp-json\/wp\/v2\/users\/11"}],"replies":[{"embeddable":true,"href":"https:\/\/www.ilmercoledi.news\/ilmercoledi\/news\/wp-json\/wp\/v2\/comments?post=55222"}],"version-history":[{"count":1,"href":"https:\/\/www.ilmercoledi.news\/ilmercoledi\/news\/wp-json\/wp\/v2\/posts\/55222\/revisions"}],"predecessor-version":[{"id":65666,"href":"https:\/\/www.ilmercoledi.news\/ilmercoledi\/news\/wp-json\/wp\/v2\/posts\/55222\/revisions\/65666"}],"wp:featuredmedia":[{"embeddable":true,"href":"https:\/\/www.ilmercoledi.news\/ilmercoledi\/news\/wp-json\/wp\/v2\/media\/47206"}],"wp:attachment":[{"href":"https:\/\/www.ilmercoledi.news\/ilmercoledi\/news\/wp-json\/wp\/v2\/media?parent=55222"}],"wp:term":[{"taxonomy":"category","embeddable":true,"href":"https:\/\/www.ilmercoledi.news\/ilmercoledi\/news\/wp-json\/wp\/v2\/categories?post=55222"},{"taxonomy":"post_tag","embeddable":true,"href":"https:\/\/www.ilmercoledi.news\/ilmercoledi\/news\/wp-json\/wp\/v2\/tags?post=55222"},{"taxonomy":"news-destination","embeddable":true,"href":"https:\/\/www.ilmercoledi.news\/ilmercoledi\/news\/wp-json\/wp\/v2\/news-destination?post=55222"},{"taxonomy":"news-source","embeddable":true,"href":"https:\/\/www.ilmercoledi.news\/ilmercoledi\/news\/wp-json\/wp\/v2\/news-source?post=55222"},{"taxonomy":"is_homepage","embeddable":true,"href":"https:\/\/www.ilmercoledi.news\/ilmercoledi\/news\/wp-json\/wp\/v2\/is_homepage?post=55222"},{"taxonomy":"ta_other","embeddable":true,"href":"https:\/\/www.ilmercoledi.news\/ilmercoledi\/news\/wp-json\/wp\/v2\/ta_other?post=55222"}],"curies":[{"name":"wp","href":"https:\/\/api.w.org\/{rel}","templated":true}]}}