{"id":55243,"date":"2023-08-24T07:19:42","date_gmt":"2023-08-24T05:19:42","guid":{"rendered":"https:\/\/euwps05.newsmemory.com\/ilmercoledi\/news\/?p=55243"},"modified":"2024-08-29T03:41:57","modified_gmt":"2023-11-03T03:41:57","slug":"carmagnola-busta-con-proiettili-casa-di-un-tecnico-comunale-avviso-pubblico-alza-lallerta","status":"publish","type":"post","link":"https:\/\/www.ilmercoledi.news\/2023\/08\/24\/carmagnola-busta-con-proiettili-casa-di-un-tecnico-comunale-avviso-pubblico-alza-lallerta\/","title":{"rendered":"CARMAGNOLA &#8211; Busta con proiettili a casa di un tecnico comunale, Avviso pubblico alza l&#8217;allerta"},"content":{"rendered":"<p>\u00abPreoccupa molto l\u2019invio di una busta contenente alcuni proiettili recapitata (se confermata la destinazione) al responsabile dell\u2019area tecnica del Comune di Carmagnola. Si tratta di una grave minaccia su cui \u00e8 bene tenere alto il livello di guardia. Chi ha delle informazioni che possono essere utili per scoprire i responsabili di questo vile gesto, collabori con le autorit\u00e0 competenti.<\/p>\n<p>\u00abIndipendentemente dalla matrice e dalla provenienza della lettera, intimidire cos\u00ec un dipendente pubblico \u00e8 sintomo di una societ\u00e0 che in parte non riconosce il servizio pubblico come elemento fondamentale per il rispetto delle regole\u00bb. \u00c8 il commento di Diego Sarno, consigliere regionale e Coordinatore di Avviso Pubblico per il Piemonte.<\/p>\n<p>\u00abLa nostra Associazione, che vanta tra i suoi enti soci anche il Comune di Carmagnola, auspica che gli inquirenti facciano luce al pi\u00f9 presto sulla vicenda\u00bb, spiega ancora Diego Sarno, che sar\u00e0 presente in citt\u00e0 all\u2019inaugurazione della \u201cFiera nazionale del peperone\u201d per portare la vicinanza di Avviso Pubblico all\u2019amministrazione comunale insieme alla quale si stanno realizzando importanti progetti di formazione e sensibilizzazione sui temi dell\u2019anticorruzione e della prevenzione alle infiltrazioni mafiose.<\/p>\n<p>Il grave gesto arriva a meno di due mesi dalla presentazione del Rapporto annuale \u201cAmministratori Sotto Tiro\u201d. Nel 2022, in Italia, Avviso Pubblico ha censito 326 atti intimidatori contro sindaci, assessori, consiglieri comunali e municipali. Una cifra allarmante, che dimostra come fare il sindaco e l\u2019amministratore locale sia un mestiere difficile e a talvolta pericoloso. Anche in Piemonte, dove lo scorso anno si sono registrati dodici atti intimidatori in quattro province.<\/p>\n<p>\u00abLe storie contenute nel Rapporto di Avviso Pubblico \u2013 conclude il Coordinatore Sarno \u2013 dimostrano quanto il fenomeno delle minacce e delle intimidazioni verso chi ricopre un incarico politico-istituzionale e opera nella Pubblica amministrazione sia esteso e la necessit\u00e0 di porlo al centro dell\u2019agenda politica del nostro Paese<\/p>\n","protected":false},"excerpt":{"rendered":"","protected":false},"author":11,"featured_media":32998,"comment_status":"open","ping_status":"closed","sticky":false,"template":"","format":"standard","meta":[],"categories":[34],"tags":[],"news-destination":[],"news-source":[],"is_homepage":[581],"ta_other":[],"_links":{"self":[{"href":"https:\/\/www.ilmercoledi.news\/ilmercoledi\/news\/wp-json\/wp\/v2\/posts\/55243"}],"collection":[{"href":"https:\/\/www.ilmercoledi.news\/ilmercoledi\/news\/wp-json\/wp\/v2\/posts"}],"about":[{"href":"https:\/\/www.ilmercoledi.news\/ilmercoledi\/news\/wp-json\/wp\/v2\/types\/post"}],"author":[{"embeddable":true,"href":"https:\/\/www.ilmercoledi.news\/ilmercoledi\/news\/wp-json\/wp\/v2\/users\/11"}],"replies":[{"embeddable":true,"href":"https:\/\/www.ilmercoledi.news\/ilmercoledi\/news\/wp-json\/wp\/v2\/comments?post=55243"}],"version-history":[{"count":1,"href":"https:\/\/www.ilmercoledi.news\/ilmercoledi\/news\/wp-json\/wp\/v2\/posts\/55243\/revisions"}],"predecessor-version":[{"id":55246,"href":"https:\/\/www.ilmercoledi.news\/ilmercoledi\/news\/wp-json\/wp\/v2\/posts\/55243\/revisions\/55246"}],"wp:featuredmedia":[{"embeddable":true,"href":"https:\/\/www.ilmercoledi.news\/ilmercoledi\/news\/wp-json\/wp\/v2\/media\/32998"}],"wp:attachment":[{"href":"https:\/\/www.ilmercoledi.news\/ilmercoledi\/news\/wp-json\/wp\/v2\/media?parent=55243"}],"wp:term":[{"taxonomy":"category","embeddable":true,"href":"https:\/\/www.ilmercoledi.news\/ilmercoledi\/news\/wp-json\/wp\/v2\/categories?post=55243"},{"taxonomy":"post_tag","embeddable":true,"href":"https:\/\/www.ilmercoledi.news\/ilmercoledi\/news\/wp-json\/wp\/v2\/tags?post=55243"},{"taxonomy":"news-destination","embeddable":true,"href":"https:\/\/www.ilmercoledi.news\/ilmercoledi\/news\/wp-json\/wp\/v2\/news-destination?post=55243"},{"taxonomy":"news-source","embeddable":true,"href":"https:\/\/www.ilmercoledi.news\/ilmercoledi\/news\/wp-json\/wp\/v2\/news-source?post=55243"},{"taxonomy":"is_homepage","embeddable":true,"href":"https:\/\/www.ilmercoledi.news\/ilmercoledi\/news\/wp-json\/wp\/v2\/is_homepage?post=55243"},{"taxonomy":"ta_other","embeddable":true,"href":"https:\/\/www.ilmercoledi.news\/ilmercoledi\/news\/wp-json\/wp\/v2\/ta_other?post=55243"}],"curies":[{"name":"wp","href":"https:\/\/api.w.org\/{rel}","templated":true}]}}