{"id":55309,"date":"2023-08-28T07:08:59","date_gmt":"2023-08-28T05:08:59","guid":{"rendered":"https:\/\/euwps06.newsmemory.com\/ilmercoledi\/news\/?p=55309"},"modified":"2024-08-29T03:41:57","modified_gmt":"2023-11-03T03:41:57","slug":"santena-la-biciclettata-di-solidarieta-per-emergency","status":"publish","type":"post","link":"https:\/\/www.ilmercoledi.news\/2023\/08\/28\/santena-la-biciclettata-di-solidarieta-per-emergency\/","title":{"rendered":"SANTENA &#8211; La biciclettata di solidariet\u00e0 per Emergency"},"content":{"rendered":"<p>Una biciclettata di solidariet\u00e0 a sostegno di Emergency. \u00c8 questo l\u2019evento che si terr\u00e0 domenica 3 settembre a partire dalle 9. La partenza \u00e8 fissata da Torino e arriver\u00e0 a Santena al container in cui vengono raccolti i tappi di plastica.<\/p>\n<p>La manifestazione \u00e8 organizzata da FIAB Torino Bici e Dintorni in collaborazione con i volontari santenesi di Emergency. Il tour avr\u00e0 inizio dall\u2019infopoint di Corso Valdocco a Torino, con l\u2019arrivo prefissato al cortile del Palazzetto dello Sport di Santena. Il costo sar\u00e0 di \u20ac5 per i soci FIAB, mentre \u20ac10 per i non affiliati. Tutti i fondi raccolti dall\u2019iniziativa andranno a sostegno dei progetti di EMERGENCY Onlus.<\/p>\n<p>&nbsp;<\/p>\n","protected":false},"excerpt":{"rendered":"","protected":false},"author":11,"featured_media":11346,"comment_status":"open","ping_status":"closed","sticky":false,"template":"","format":"standard","meta":[],"categories":[34],"tags":[],"news-destination":[],"news-source":[],"is_homepage":[581],"ta_other":[],"_links":{"self":[{"href":"https:\/\/www.ilmercoledi.news\/ilmercoledi\/news\/wp-json\/wp\/v2\/posts\/55309"}],"collection":[{"href":"https:\/\/www.ilmercoledi.news\/ilmercoledi\/news\/wp-json\/wp\/v2\/posts"}],"about":[{"href":"https:\/\/www.ilmercoledi.news\/ilmercoledi\/news\/wp-json\/wp\/v2\/types\/post"}],"author":[{"embeddable":true,"href":"https:\/\/www.ilmercoledi.news\/ilmercoledi\/news\/wp-json\/wp\/v2\/users\/11"}],"replies":[{"embeddable":true,"href":"https:\/\/www.ilmercoledi.news\/ilmercoledi\/news\/wp-json\/wp\/v2\/comments?post=55309"}],"version-history":[{"count":1,"href":"https:\/\/www.ilmercoledi.news\/ilmercoledi\/news\/wp-json\/wp\/v2\/posts\/55309\/revisions"}],"predecessor-version":[{"id":65640,"href":"https:\/\/www.ilmercoledi.news\/ilmercoledi\/news\/wp-json\/wp\/v2\/posts\/55309\/revisions\/65640"}],"wp:featuredmedia":[{"embeddable":true,"href":"https:\/\/www.ilmercoledi.news\/ilmercoledi\/news\/wp-json\/wp\/v2\/media\/11346"}],"wp:attachment":[{"href":"https:\/\/www.ilmercoledi.news\/ilmercoledi\/news\/wp-json\/wp\/v2\/media?parent=55309"}],"wp:term":[{"taxonomy":"category","embeddable":true,"href":"https:\/\/www.ilmercoledi.news\/ilmercoledi\/news\/wp-json\/wp\/v2\/categories?post=55309"},{"taxonomy":"post_tag","embeddable":true,"href":"https:\/\/www.ilmercoledi.news\/ilmercoledi\/news\/wp-json\/wp\/v2\/tags?post=55309"},{"taxonomy":"news-destination","embeddable":true,"href":"https:\/\/www.ilmercoledi.news\/ilmercoledi\/news\/wp-json\/wp\/v2\/news-destination?post=55309"},{"taxonomy":"news-source","embeddable":true,"href":"https:\/\/www.ilmercoledi.news\/ilmercoledi\/news\/wp-json\/wp\/v2\/news-source?post=55309"},{"taxonomy":"is_homepage","embeddable":true,"href":"https:\/\/www.ilmercoledi.news\/ilmercoledi\/news\/wp-json\/wp\/v2\/is_homepage?post=55309"},{"taxonomy":"ta_other","embeddable":true,"href":"https:\/\/www.ilmercoledi.news\/ilmercoledi\/news\/wp-json\/wp\/v2\/ta_other?post=55309"}],"curies":[{"name":"wp","href":"https:\/\/api.w.org\/{rel}","templated":true}]}}