{"id":55374,"date":"2023-08-30T07:34:26","date_gmt":"2023-08-30T05:34:26","guid":{"rendered":"https:\/\/euwps06.newsmemory.com\/ilmercoledi\/news\/?p=55374"},"modified":"2024-08-29T03:41:54","modified_gmt":"2023-11-03T03:41:54","slug":"vinovo-domenica-il-gran-premio-avvocato-carlo-marangoni-allippodromo","status":"publish","type":"post","link":"https:\/\/www.ilmercoledi.news\/2023\/08\/30\/vinovo-domenica-il-gran-premio-avvocato-carlo-marangoni-allippodromo\/","title":{"rendered":"VINOVO &#8211; Domenica il Gran Premio Avvocato Carlo Marangoni all&#8217;ippodromo"},"content":{"rendered":"<p>Domenica 3 settembre torna sulla sua naturale pista, l&#8217;ippodromo di Vinovo, il Gran Premio Avvocato Carlo Marangoni, dopo la breve parentesi dell\u2019anno passato a Milano.<\/p>\n<p>Importante corsa di Gruppo 1 per i tre anni, ultima prova prima del Nastro Azzurro. Divisa in due prove, una Open con dotazione di 154.000,00 \u20ac ed una esclusiva per le femmine, il Filly, da 66.0000,00 \u20ac Gruppo 2.<\/p>\n<p>Il Marangoni \u00e8 da sempre considerata una delle tappe pi\u00f9 importanti per la generazione dei tre anni. 13 al via sulla distanza del doppio km nella prova principale, e 12 sul miglio nelle femmine.<\/p>\n<p>In entrambe le gare i favori andranno per due allieve di Mauro Baroncini, il bravo trainer milanese di stanza a Divignano, dove ha la sua sede operativa.<\/p>\n<p>Partiamo dal Marangoni e partiamo da East Asia (6). Portacolori del signor Jean Pierre Barjon, allevata alla Sant\u2019Andrea e affidata come sempre alle mani di Andrea Farolfi. Vincitrice del Citt\u00e0 Di Napoli a inizio luglio, \u00e8 una femmina che ha sempre gareggiato contro i maschi. Coraggiosa, determinata non ha problemi di schemi. Sar\u00e0 la principale avversaria per Edy Di Girifalco, team di Noceto ma guida di Santo Mollo. Il pupillo di Stefano Biondi in forma esplosiva cos\u00ec come la rivale, che ha per\u00f2 estratto un numero all\u2019esterno del figlio di Victor Gi\u00f2 che si avvier\u00e0 con il 3. Una sfida gi\u00e0 vista nel Gran Premio Nazionale, quando il maschio ha avuto la meglio passando l\u2019avversaria all\u2019interno, battendola. Temibile ma in seconda fila Encierro, allievo di Gaspare Lo Verde, molto vociferato nel Gran Premio Regione Liguria, dove veniva danneggiato arrivando ad ogni modo al quarto posto. Non si po&#8217; lasciare fuori Eminem Font, buon numero di avvio e Marco Stefani al sediolo. Reduce da prestazione opaca ad Albenga, Baroncini in seguito ha riscontrato qualche problemino di salute che ora sembra risolto.<\/p>\n<p>&nbsp;<\/p>\n<p>Molto pi\u00f9 complicato da decifrare il Filly. Come detto ancora Baroncini nel ruolo di attore principale, questa volta con Electra D\u2019Esi che potrebbe essere la logica favorita, ma rientra dalla vittoria nel Nazionale Filly di inizio giugno, quindi potrebbe non essere al 100% e Eridamia, cavalla poco vincente ma sincera, in grado di piazzarsi, con alle guide Edoardo Baldi.<\/p>\n<p>I Gocciadoro schiereranno Eleonor Di Poggio con Giampaolo Minnucci in pole position, Eva Kent Gi\u00f2, probabile contro favorita con in sulky Antonio Simioli, Ete Jet con Alessandro ed infine con l\u2019ultimo numero Eleonora Grif con Max Castaldo.<\/p>\n<p>&nbsp;<\/p>\n<p>Due corse assolutamente belle, incerte, tutte da vedere.<\/p>\n","protected":false},"excerpt":{"rendered":"","protected":false},"author":11,"featured_media":4906,"comment_status":"open","ping_status":"closed","sticky":false,"template":"","format":"standard","meta":[],"categories":[34],"tags":[],"news-destination":[],"news-source":[],"is_homepage":[581],"ta_other":[],"_links":{"self":[{"href":"https:\/\/www.ilmercoledi.news\/ilmercoledi\/news\/wp-json\/wp\/v2\/posts\/55374"}],"collection":[{"href":"https:\/\/www.ilmercoledi.news\/ilmercoledi\/news\/wp-json\/wp\/v2\/posts"}],"about":[{"href":"https:\/\/www.ilmercoledi.news\/ilmercoledi\/news\/wp-json\/wp\/v2\/types\/post"}],"author":[{"embeddable":true,"href":"https:\/\/www.ilmercoledi.news\/ilmercoledi\/news\/wp-json\/wp\/v2\/users\/11"}],"replies":[{"embeddable":true,"href":"https:\/\/www.ilmercoledi.news\/ilmercoledi\/news\/wp-json\/wp\/v2\/comments?post=55374"}],"version-history":[{"count":1,"href":"https:\/\/www.ilmercoledi.news\/ilmercoledi\/news\/wp-json\/wp\/v2\/posts\/55374\/revisions"}],"predecessor-version":[{"id":65567,"href":"https:\/\/www.ilmercoledi.news\/ilmercoledi\/news\/wp-json\/wp\/v2\/posts\/55374\/revisions\/65567"}],"wp:featuredmedia":[{"embeddable":true,"href":"https:\/\/www.ilmercoledi.news\/ilmercoledi\/news\/wp-json\/wp\/v2\/media\/4906"}],"wp:attachment":[{"href":"https:\/\/www.ilmercoledi.news\/ilmercoledi\/news\/wp-json\/wp\/v2\/media?parent=55374"}],"wp:term":[{"taxonomy":"category","embeddable":true,"href":"https:\/\/www.ilmercoledi.news\/ilmercoledi\/news\/wp-json\/wp\/v2\/categories?post=55374"},{"taxonomy":"post_tag","embeddable":true,"href":"https:\/\/www.ilmercoledi.news\/ilmercoledi\/news\/wp-json\/wp\/v2\/tags?post=55374"},{"taxonomy":"news-destination","embeddable":true,"href":"https:\/\/www.ilmercoledi.news\/ilmercoledi\/news\/wp-json\/wp\/v2\/news-destination?post=55374"},{"taxonomy":"news-source","embeddable":true,"href":"https:\/\/www.ilmercoledi.news\/ilmercoledi\/news\/wp-json\/wp\/v2\/news-source?post=55374"},{"taxonomy":"is_homepage","embeddable":true,"href":"https:\/\/www.ilmercoledi.news\/ilmercoledi\/news\/wp-json\/wp\/v2\/is_homepage?post=55374"},{"taxonomy":"ta_other","embeddable":true,"href":"https:\/\/www.ilmercoledi.news\/ilmercoledi\/news\/wp-json\/wp\/v2\/ta_other?post=55374"}],"curies":[{"name":"wp","href":"https:\/\/api.w.org\/{rel}","templated":true}]}}